{"id":119,"date":"2017-02-27T13:48:02","date_gmt":"2017-02-27T13:48:02","guid":{"rendered":"https:\/\/www.friendsofglass.com\/es\/taste-es\/nuestra-primera-campana-en-television-yoelijovidrio\/1"},"modified":"2025-02-24T15:29:05","modified_gmt":"2025-02-24T15:29:05","slug":"nuestra-primera-campana-en-television-yoelijovidrio","status":"publish","type":"post","link":"https:\/\/friendsofglass.com\/es\/historias\/nuestra-primera-campana-en-television-yoelijovidrio\/","title":{"rendered":"NUESTRA PRIMERA CAMPA\u00d1A EN TELEVISI\u00d3N: #YoElijoVidrio"},"content":{"rendered":"\r\n<div  class=\"custom-rich-text-block transparent\">\r\n    <div class=\"custom-rich-text spacing-top-2 spacing-bottom-2 global-container\">\r\n        <p>Hemos lanzado nuestra primera campa\u00f1a de publicidad en televisi\u00f3n, con el objetivo de dar visibilidad a la presencia de este envase en la actualidad. Para la ocasi\u00f3n, hemos\u00a0recurrido a la t\u00e9cnica del \u201c<em>storytelling<\/em>\u201d, para reflejar los h\u00e1bitos de una familia que, generaci\u00f3n tras generaci\u00f3n introduce en su hogar los productos envasados en vidrio. En veinte segundos se logra una secuencia de escenas cotidianas llenas de emoci\u00f3n junto con un fondo musical <em>in crescendo<\/em> en intensidad y en n\u00famero de sonidos t\u00edpicos del consumo de alimentos en vidrio.<\/p>\n<p>Este spot es una parte clave de la campa\u00f1a nacional #YoElijoVidrio, que difunde los beneficios del vidrio como envase saludable y ecol\u00f3gico, ya que es un material que se fabrica con materia prima natural, al ser inerte no cede nada ni al contenido ni al entorno y adem\u00e1s es 100% reciclable infinitas veces. Y es que, cada vez son m\u00e1s los consumidores que se preocupan por mantener un estilo de vida saludable tanto para ellos como para el medio ambiente.<\/p>\n<p><em>\u201cEs el momento de actuar, de invitar a los consumidores a analizar sus h\u00e1bitos, remplaz\u00e1ndolos por una rutina saludable o perpetuando aquellos usos que desde siempre cuidan de nosotros y de nuestro entorno. En este sentido el vidrio no tiene nada que ocultar, es transparente y puro\u201d.<\/em> Se\u00f1ala Karen Davies, representante de Friends of Glass.<\/p>\n<p><iframe loading=\"lazy\" title=\"Spot #YoElijoVidrio\" width=\"500\" height=\"281\" src=\"https:\/\/www.youtube.com\/embed\/4wyGX-ALPYE?feature=oembed\" frameborder=\"0\" allow=\"accelerometer; autoplay; clipboard-write; encrypted-media; gyroscope; picture-in-picture; web-share\" referrerpolicy=\"strict-origin-when-cross-origin\" allowfullscreen><\/iframe><\/p>\n<p><strong>\u00a1Nuestro spot ha sido reconocido con HONORES\u00a0dentro de la categor\u00eda \u201cAnuncios &#8211; Campa\u00f1as de Televisi\u00f3n\u201d en\u00a0los Premios Mercury 2016\/2017!<\/strong><\/p>\n<p><a href=\"http:\/\/www.mercommawards.com\/about.htm\">MerComm<\/a>, una entidad internacional independiente, con sede en Estados Unidos, fue creada para promover la excelencia en la comunicaci\u00f3n desde 1987. Tienen varios programas de premios centrados en distintas categor\u00edas, entre los que se encuentran los Mercury Awards, dirigidos a profesionales de las Relaciones P\u00fablicas y Comunicaci\u00f3n Corporativa.<\/p>\n\r\n            <\/div>\r\n<\/div>","protected":false},"excerpt":{"rendered":"<p>Hemos querido mostrar el lado m\u00e1s cercano del vidrio, haciendo evidente que los productos envasados en vidrio forman parte esencial de las diferentes circunstancias de la vida, de las del d\u00eda a d\u00eda a las festivas; de la alimentaci\u00f3n a la celebraci\u00f3n. <\/p>\n","protected":false},"author":1,"featured_media":670,"comment_status":"open","ping_status":"open","sticky":false,"template":"","format":"standard","meta":{"_acf_changed":false,"inline_featured_image":false,"footnotes":""},"categories":[8],"tags":[13,105,108,30,15,109,83,110,107,106,12],"class_list":["post-119","post","type-post","status-publish","format-standard","has-post-thumbnail","hentry","category-taste","tag-yoelijovidrio","tag-anuncio","tag-botella","tag-envases","tag-familia","tag-felicidad","tag-friends-of-glass","tag-spot","tag-tarro","tag-television","tag-vidrio"],"acf":[],"yoast_head":"<!-- This site is optimized with the Yoast SEO plugin v26.3 - https:\/\/yoast.com\/wordpress\/plugins\/seo\/ -->\n<title>NUESTRA PRIMERA CAMPA\u00d1A EN TELEVISI\u00d3N: #YoElijoVidrio - Friends of Glass ES<\/title>\n<meta name=\"description\" content=\"Hemos querido mostrar el lado m\u00e1s cercano del vidrio, haciendo evidente que los productos envasados en vidrio forman parte esencial de las diferentes circunstancias de la vida, de las del d\u00eda a d\u00eda a las festivas; de la alimentaci\u00f3n a la celebraci\u00f3n.\" \/>\n<meta name=\"robots\" content=\"index, follow, max-snippet:-1, max-image-preview:large, max-video-preview:-1\" \/>\n<link rel=\"canonical\" href=\"https:\/\/friendsofglass.com\/es\/historias\/nuestra-primera-campana-en-television-yoelijovidrio\/\" \/>\n<meta property=\"og:locale\" content=\"en_US\" \/>\n<meta property=\"og:type\" content=\"article\" \/>\n<meta property=\"og:title\" content=\"NUESTRA PRIMERA CAMPA\u00d1A EN TELEVISI\u00d3N: #YoElijoVidrio - Friends of Glass ES\" \/>\n<meta property=\"og:description\" content=\"Hemos querido mostrar el lado m\u00e1s cercano del vidrio, haciendo evidente que los productos envasados en vidrio forman parte esencial de las diferentes circunstancias de la vida, de las del d\u00eda a d\u00eda a las festivas; de la alimentaci\u00f3n a la celebraci\u00f3n.\" \/>\n<meta property=\"og:url\" content=\"https:\/\/friendsofglass.com\/es\/historias\/nuestra-primera-campana-en-television-yoelijovidrio\/\" \/>\n<meta property=\"og:site_name\" content=\"Friends of Glass ES\" \/>\n<meta property=\"article:published_time\" content=\"2017-02-27T13:48:02+00:00\" \/>\n<meta property=\"article:modified_time\" content=\"2025-02-24T15:29:05+00:00\" \/>\n<meta property=\"og:image\" content=\"https:\/\/friendsofglass.com\/es\/wp-content\/uploads\/sites\/6\/2017\/02\/21.jpg\" \/>\n\t<meta property=\"og:image:width\" content=\"1274\" \/>\n\t<meta property=\"og:image:height\" content=\"703\" \/>\n\t<meta property=\"og:image:type\" content=\"image\/jpeg\" \/>\n<meta name=\"author\" content=\"admin\" \/>\n<meta name=\"twitter:card\" content=\"summary_large_image\" \/>\n<meta name=\"twitter:label1\" content=\"Written by\" \/>\n\t<meta name=\"twitter:data1\" content=\"admin\" \/>\n\t<meta name=\"twitter:label2\" content=\"Est. reading time\" \/>\n\t<meta name=\"twitter:data2\" content=\"1 minute\" \/>\n<script type=\"application\/ld+json\" class=\"yoast-schema-graph\">{\"@context\":\"https:\/\/schema.org\",\"@graph\":[{\"@type\":\"Article\",\"@id\":\"https:\/\/friendsofglass.com\/es\/historias\/nuestra-primera-campana-en-television-yoelijovidrio\/#article\",\"isPartOf\":{\"@id\":\"https:\/\/friendsofglass.com\/es\/historias\/nuestra-primera-campana-en-television-yoelijovidrio\/\"},\"author\":{\"name\":\"admin\",\"@id\":\"https:\/\/friendsofglass.com\/es\/#\/schema\/person\/020c8f935e53b78218b548c299c31daf\"},\"headline\":\"NUESTRA PRIMERA CAMPA\u00d1A EN TELEVISI\u00d3N: #YoElijoVidrio\",\"datePublished\":\"2017-02-27T13:48:02+00:00\",\"dateModified\":\"2025-02-24T15:29:05+00:00\",\"mainEntityOfPage\":{\"@id\":\"https:\/\/friendsofglass.com\/es\/historias\/nuestra-primera-campana-en-television-yoelijovidrio\/\"},\"wordCount\":8,\"commentCount\":0,\"publisher\":{\"@id\":\"https:\/\/friendsofglass.com\/es\/#organization\"},\"image\":{\"@id\":\"https:\/\/friendsofglass.com\/es\/historias\/nuestra-primera-campana-en-television-yoelijovidrio\/#primaryimage\"},\"thumbnailUrl\":\"https:\/\/friendsofglass.com\/es\/wp-content\/uploads\/sites\/6\/2017\/02\/21.jpg\",\"keywords\":[\"#yoelijovidrio\",\"anuncio\",\"botella\",\"envases\",\"familia\",\"felicidad\",\"friends of glass\",\"spot\",\"tarro\",\"televisi\u00f3n\",\"vidrio\"],\"articleSection\":[\"Sabor\"],\"inLanguage\":\"en-US\"},{\"@type\":\"WebPage\",\"@id\":\"https:\/\/friendsofglass.com\/es\/historias\/nuestra-primera-campana-en-television-yoelijovidrio\/\",\"url\":\"https:\/\/friendsofglass.com\/es\/historias\/nuestra-primera-campana-en-television-yoelijovidrio\/\",\"name\":\"NUESTRA PRIMERA CAMPA\u00d1A EN TELEVISI\u00d3N: #YoElijoVidrio - Friends of Glass ES\",\"isPartOf\":{\"@id\":\"https:\/\/friendsofglass.com\/es\/#website\"},\"primaryImageOfPage\":{\"@id\":\"https:\/\/friendsofglass.com\/es\/historias\/nuestra-primera-campana-en-television-yoelijovidrio\/#primaryimage\"},\"image\":{\"@id\":\"https:\/\/friendsofglass.com\/es\/historias\/nuestra-primera-campana-en-television-yoelijovidrio\/#primaryimage\"},\"thumbnailUrl\":\"https:\/\/friendsofglass.com\/es\/wp-content\/uploads\/sites\/6\/2017\/02\/21.jpg\",\"datePublished\":\"2017-02-27T13:48:02+00:00\",\"dateModified\":\"2025-02-24T15:29:05+00:00\",\"description\":\"Hemos querido mostrar el lado m\u00e1s cercano del vidrio, haciendo evidente que los productos envasados en vidrio forman parte esencial de las diferentes circunstancias de la vida, de las del d\u00eda a d\u00eda a las festivas; de la alimentaci\u00f3n a la celebraci\u00f3n.\",\"breadcrumb\":{\"@id\":\"https:\/\/friendsofglass.com\/es\/historias\/nuestra-primera-campana-en-television-yoelijovidrio\/#breadcrumb\"},\"inLanguage\":\"en-US\",\"potentialAction\":[{\"@type\":\"ReadAction\",\"target\":[\"https:\/\/friendsofglass.com\/es\/historias\/nuestra-primera-campana-en-television-yoelijovidrio\/\"]}]},{\"@type\":\"ImageObject\",\"inLanguage\":\"en-US\",\"@id\":\"https:\/\/friendsofglass.com\/es\/historias\/nuestra-primera-campana-en-television-yoelijovidrio\/#primaryimage\",\"url\":\"https:\/\/friendsofglass.com\/es\/wp-content\/uploads\/sites\/6\/2017\/02\/21.jpg\",\"contentUrl\":\"https:\/\/friendsofglass.com\/es\/wp-content\/uploads\/sites\/6\/2017\/02\/21.jpg\",\"width\":1274,\"height\":703},{\"@type\":\"BreadcrumbList\",\"@id\":\"https:\/\/friendsofglass.com\/es\/historias\/nuestra-primera-campana-en-television-yoelijovidrio\/#breadcrumb\",\"itemListElement\":[{\"@type\":\"ListItem\",\"position\":1,\"name\":\"Home\",\"item\":\"https:\/\/friendsofglass.com\/es\/\"},{\"@type\":\"ListItem\",\"position\":2,\"name\":\"NUESTRA PRIMERA CAMPA\u00d1A EN TELEVISI\u00d3N: #YoElijoVidrio\"}]},{\"@type\":\"WebSite\",\"@id\":\"https:\/\/friendsofglass.com\/es\/#website\",\"url\":\"https:\/\/friendsofglass.com\/es\/\",\"name\":\"Friends of Glass ES\",\"description\":\"\",\"publisher\":{\"@id\":\"https:\/\/friendsofglass.com\/es\/#organization\"},\"potentialAction\":[{\"@type\":\"SearchAction\",\"target\":{\"@type\":\"EntryPoint\",\"urlTemplate\":\"https:\/\/friendsofglass.com\/es\/?s={search_term_string}\"},\"query-input\":{\"@type\":\"PropertyValueSpecification\",\"valueRequired\":true,\"valueName\":\"search_term_string\"}}],\"inLanguage\":\"en-US\"},{\"@type\":\"Organization\",\"@id\":\"https:\/\/friendsofglass.com\/es\/#organization\",\"name\":\"Friends of Glass ES\",\"url\":\"https:\/\/friendsofglass.com\/es\/\",\"logo\":{\"@type\":\"ImageObject\",\"inLanguage\":\"en-US\",\"@id\":\"https:\/\/friendsofglass.com\/es\/#\/schema\/logo\/image\/\",\"url\":\"https:\/\/friendsofglass.com\/es\/wp-content\/uploads\/sites\/6\/2024\/03\/FoG_site_logo.png\",\"contentUrl\":\"https:\/\/friendsofglass.com\/es\/wp-content\/uploads\/sites\/6\/2024\/03\/FoG_site_logo.png\",\"width\":458,\"height\":227,\"caption\":\"Friends of Glass ES\"},\"image\":{\"@id\":\"https:\/\/friendsofglass.com\/es\/#\/schema\/logo\/image\/\"}},{\"@type\":\"Person\",\"@id\":\"https:\/\/friendsofglass.com\/es\/#\/schema\/person\/020c8f935e53b78218b548c299c31daf\",\"name\":\"admin\",\"image\":{\"@type\":\"ImageObject\",\"inLanguage\":\"en-US\",\"@id\":\"https:\/\/friendsofglass.com\/es\/#\/schema\/person\/image\/\",\"url\":\"https:\/\/secure.gravatar.com\/avatar\/18f4540ab295eaa8861dc39bf958c4396cf804af6a6a03b55be927c1e82d2b80?s=96&d=mm&r=g\",\"contentUrl\":\"https:\/\/secure.gravatar.com\/avatar\/18f4540ab295eaa8861dc39bf958c4396cf804af6a6a03b55be927c1e82d2b80?s=96&d=mm&r=g\",\"caption\":\"admin\"},\"sameAs\":[\"https:\/\/friendsofglass.com\/\"],\"url\":\"https:\/\/friendsofglass.com\/es\/historias\/author\/admin\/\"}]}<\/script>\n<!-- \/ Yoast SEO plugin. -->","yoast_head_json":{"title":"NUESTRA PRIMERA CAMPA\u00d1A EN TELEVISI\u00d3N: #YoElijoVidrio - Friends of Glass ES","description":"Hemos querido mostrar el lado m\u00e1s cercano del vidrio, haciendo evidente que los productos envasados en vidrio forman parte esencial de las diferentes circunstancias de la vida, de las del d\u00eda a d\u00eda a las festivas; de la alimentaci\u00f3n a la celebraci\u00f3n.","robots":{"index":"index","follow":"follow","max-snippet":"max-snippet:-1","max-image-preview":"max-image-preview:large","max-video-preview":"max-video-preview:-1"},"canonical":"https:\/\/friendsofglass.com\/es\/historias\/nuestra-primera-campana-en-television-yoelijovidrio\/","og_locale":"en_US","og_type":"article","og_title":"NUESTRA PRIMERA CAMPA\u00d1A EN TELEVISI\u00d3N: #YoElijoVidrio - Friends of Glass ES","og_description":"Hemos querido mostrar el lado m\u00e1s cercano del vidrio, haciendo evidente que los productos envasados en vidrio forman parte esencial de las diferentes circunstancias de la vida, de las del d\u00eda a d\u00eda a las festivas; de la alimentaci\u00f3n a la celebraci\u00f3n.","og_url":"https:\/\/friendsofglass.com\/es\/historias\/nuestra-primera-campana-en-television-yoelijovidrio\/","og_site_name":"Friends of Glass ES","article_published_time":"2017-02-27T13:48:02+00:00","article_modified_time":"2025-02-24T15:29:05+00:00","og_image":[{"width":1274,"height":703,"url":"https:\/\/friendsofglass.com\/es\/wp-content\/uploads\/sites\/6\/2017\/02\/21.jpg","type":"image\/jpeg"}],"author":"admin","twitter_card":"summary_large_image","twitter_misc":{"Written by":"admin","Est. reading time":"1 minute"},"schema":{"@context":"https:\/\/schema.org","@graph":[{"@type":"Article","@id":"https:\/\/friendsofglass.com\/es\/historias\/nuestra-primera-campana-en-television-yoelijovidrio\/#article","isPartOf":{"@id":"https:\/\/friendsofglass.com\/es\/historias\/nuestra-primera-campana-en-television-yoelijovidrio\/"},"author":{"name":"admin","@id":"https:\/\/friendsofglass.com\/es\/#\/schema\/person\/020c8f935e53b78218b548c299c31daf"},"headline":"NUESTRA PRIMERA CAMPA\u00d1A EN TELEVISI\u00d3N: #YoElijoVidrio","datePublished":"2017-02-27T13:48:02+00:00","dateModified":"2025-02-24T15:29:05+00:00","mainEntityOfPage":{"@id":"https:\/\/friendsofglass.com\/es\/historias\/nuestra-primera-campana-en-television-yoelijovidrio\/"},"wordCount":8,"commentCount":0,"publisher":{"@id":"https:\/\/friendsofglass.com\/es\/#organization"},"image":{"@id":"https:\/\/friendsofglass.com\/es\/historias\/nuestra-primera-campana-en-television-yoelijovidrio\/#primaryimage"},"thumbnailUrl":"https:\/\/friendsofglass.com\/es\/wp-content\/uploads\/sites\/6\/2017\/02\/21.jpg","keywords":["#yoelijovidrio","anuncio","botella","envases","familia","felicidad","friends of glass","spot","tarro","televisi\u00f3n","vidrio"],"articleSection":["Sabor"],"inLanguage":"en-US"},{"@type":"WebPage","@id":"https:\/\/friendsofglass.com\/es\/historias\/nuestra-primera-campana-en-television-yoelijovidrio\/","url":"https:\/\/friendsofglass.com\/es\/historias\/nuestra-primera-campana-en-television-yoelijovidrio\/","name":"NUESTRA PRIMERA CAMPA\u00d1A EN TELEVISI\u00d3N: #YoElijoVidrio - Friends of Glass ES","isPartOf":{"@id":"https:\/\/friendsofglass.com\/es\/#website"},"primaryImageOfPage":{"@id":"https:\/\/friendsofglass.com\/es\/historias\/nuestra-primera-campana-en-television-yoelijovidrio\/#primaryimage"},"image":{"@id":"https:\/\/friendsofglass.com\/es\/historias\/nuestra-primera-campana-en-television-yoelijovidrio\/#primaryimage"},"thumbnailUrl":"https:\/\/friendsofglass.com\/es\/wp-content\/uploads\/sites\/6\/2017\/02\/21.jpg","datePublished":"2017-02-27T13:48:02+00:00","dateModified":"2025-02-24T15:29:05+00:00","description":"Hemos querido mostrar el lado m\u00e1s cercano del vidrio, haciendo evidente que los productos envasados en vidrio forman parte esencial de las diferentes circunstancias de la vida, de las del d\u00eda a d\u00eda a las festivas; de la alimentaci\u00f3n a la celebraci\u00f3n.","breadcrumb":{"@id":"https:\/\/friendsofglass.com\/es\/historias\/nuestra-primera-campana-en-television-yoelijovidrio\/#breadcrumb"},"inLanguage":"en-US","potentialAction":[{"@type":"ReadAction","target":["https:\/\/friendsofglass.com\/es\/historias\/nuestra-primera-campana-en-television-yoelijovidrio\/"]}]},{"@type":"ImageObject","inLanguage":"en-US","@id":"https:\/\/friendsofglass.com\/es\/historias\/nuestra-primera-campana-en-television-yoelijovidrio\/#primaryimage","url":"https:\/\/friendsofglass.com\/es\/wp-content\/uploads\/sites\/6\/2017\/02\/21.jpg","contentUrl":"https:\/\/friendsofglass.com\/es\/wp-content\/uploads\/sites\/6\/2017\/02\/21.jpg","width":1274,"height":703},{"@type":"BreadcrumbList","@id":"https:\/\/friendsofglass.com\/es\/historias\/nuestra-primera-campana-en-television-yoelijovidrio\/#breadcrumb","itemListElement":[{"@type":"ListItem","position":1,"name":"Home","item":"https:\/\/friendsofglass.com\/es\/"},{"@type":"ListItem","position":2,"name":"NUESTRA PRIMERA CAMPA\u00d1A EN TELEVISI\u00d3N: #YoElijoVidrio"}]},{"@type":"WebSite","@id":"https:\/\/friendsofglass.com\/es\/#website","url":"https:\/\/friendsofglass.com\/es\/","name":"Friends of Glass ES","description":"","publisher":{"@id":"https:\/\/friendsofglass.com\/es\/#organization"},"potentialAction":[{"@type":"SearchAction","target":{"@type":"EntryPoint","urlTemplate":"https:\/\/friendsofglass.com\/es\/?s={search_term_string}"},"query-input":{"@type":"PropertyValueSpecification","valueRequired":true,"valueName":"search_term_string"}}],"inLanguage":"en-US"},{"@type":"Organization","@id":"https:\/\/friendsofglass.com\/es\/#organization","name":"Friends of Glass ES","url":"https:\/\/friendsofglass.com\/es\/","logo":{"@type":"ImageObject","inLanguage":"en-US","@id":"https:\/\/friendsofglass.com\/es\/#\/schema\/logo\/image\/","url":"https:\/\/friendsofglass.com\/es\/wp-content\/uploads\/sites\/6\/2024\/03\/FoG_site_logo.png","contentUrl":"https:\/\/friendsofglass.com\/es\/wp-content\/uploads\/sites\/6\/2024\/03\/FoG_site_logo.png","width":458,"height":227,"caption":"Friends of Glass ES"},"image":{"@id":"https:\/\/friendsofglass.com\/es\/#\/schema\/logo\/image\/"}},{"@type":"Person","@id":"https:\/\/friendsofglass.com\/es\/#\/schema\/person\/020c8f935e53b78218b548c299c31daf","name":"admin","image":{"@type":"ImageObject","inLanguage":"en-US","@id":"https:\/\/friendsofglass.com\/es\/#\/schema\/person\/image\/","url":"https:\/\/secure.gravatar.com\/avatar\/18f4540ab295eaa8861dc39bf958c4396cf804af6a6a03b55be927c1e82d2b80?s=96&d=mm&r=g","contentUrl":"https:\/\/secure.gravatar.com\/avatar\/18f4540ab295eaa8861dc39bf958c4396cf804af6a6a03b55be927c1e82d2b80?s=96&d=mm&r=g","caption":"admin"},"sameAs":["https:\/\/friendsofglass.com\/"],"url":"https:\/\/friendsofglass.com\/es\/historias\/author\/admin\/"}]}},"_links":{"self":[{"href":"https:\/\/friendsofglass.com\/es\/wp-json\/wp\/v2\/posts\/119","targetHints":{"allow":["GET"]}}],"collection":[{"href":"https:\/\/friendsofglass.com\/es\/wp-json\/wp\/v2\/posts"}],"about":[{"href":"https:\/\/friendsofglass.com\/es\/wp-json\/wp\/v2\/types\/post"}],"author":[{"embeddable":true,"href":"https:\/\/friendsofglass.com\/es\/wp-json\/wp\/v2\/users\/1"}],"replies":[{"embeddable":true,"href":"https:\/\/friendsofglass.com\/es\/wp-json\/wp\/v2\/comments?post=119"}],"version-history":[{"count":0,"href":"https:\/\/friendsofglass.com\/es\/wp-json\/wp\/v2\/posts\/119\/revisions"}],"wp:featuredmedia":[{"embeddable":true,"href":"https:\/\/friendsofglass.com\/es\/wp-json\/wp\/v2\/media\/670"}],"wp:attachment":[{"href":"https:\/\/friendsofglass.com\/es\/wp-json\/wp\/v2\/media?parent=119"}],"wp:term":[{"taxonomy":"category","embeddable":true,"href":"https:\/\/friendsofglass.com\/es\/wp-json\/wp\/v2\/categories?post=119"},{"taxonomy":"post_tag","embeddable":true,"href":"https:\/\/friendsofglass.com\/es\/wp-json\/wp\/v2\/tags?post=119"}],"curies":[{"name":"wp","href":"https:\/\/api.w.org\/{rel}","templated":true}]}}