{"id":127,"date":"2016-05-10T17:15:14","date_gmt":"2016-05-10T17:15:14","guid":{"rendered":"https:\/\/www.friendsofglass.com\/fr\/ecology-fr\/le-recyclage-une-question-dage-les-europeens-sont-de-plus-en-plus-conscients-de-limportance-du-recyclage-des-emballages-mais-selon-notre-enquete-il-semble-que-les-personnes-les-plus-age\/1"},"modified":"2024-08-27T06:28:34","modified_gmt":"2024-08-27T06:28:34","slug":"europeens-conscients-importance-recyclage-age","status":"publish","type":"post","link":"https:\/\/friendsofglass.com\/fr\/recits\/europeens-conscients-importance-recyclage-age\/","title":{"rendered":"Le recyclage? Une question d\u2019\u00e2ge"},"content":{"rendered":"\r\n<div  class=\"custom-rich-text-block transparent\">\r\n    <div class=\"custom-rich-text spacing-top-2 spacing-bottom-2 global-container\">\r\n        <p><strong><a href=\"https:\/\/www.friendsofglass.com\/wp-content\/uploads\/Screen-Shot-2016-05-04-at-12.54.11.png\" rel=\"attachment wp-att-4752\"><img loading=\"lazy\" decoding=\"async\" class=\"alignnone  wp-image-4752\" src=\"https:\/\/www.friendsofglass.com\/wp-content\/uploads\/Screen-Shot-2016-05-04-at-12.54.11.png\" alt=\"Recycling\" width=\"574\" height=\"533\" \/><\/a><\/strong><\/p>\n<p><strong>Etude Omnibus<\/strong><\/p>\n<p>Dans un sondage effectu\u00e9 aupr\u00e8s de 8.000 personnes dans 11 pays europ\u00e9ens, nous avons constat\u00e9 dans tous les pays une grande disparit\u00e9 de comportement en mati\u00e8re de recyclage suivant l\u2019\u00e2ge. Ce sont les personnes les plus \u00e2g\u00e9es qui semblent \u00eatre les plus inform\u00e9es du caract\u00e8re recyclable \u00e0 l\u2019infini du verre. Le groupe d&#8217;\u00e2ge 60+ d\u00e9clare recycler la quasi-totalit\u00e9 de ses emballages et surpasse le groupe d&#8217;\u00e2ge 18-29 ans.<\/p>\n<p>Il semble que le style de vie de cette jeune g\u00e9n\u00e9ration peut \u00eatre une cause de leur manque de compr\u00e9hension du caract\u00e8re infiniment recyclable de verre. Faire changer cette croyance est donc primordial car le verre est le meilleur choix pour notre plan\u00e8te et les g\u00e9n\u00e9rations futures.<\/p>\n<p>Malgr\u00e9 cela, l&#8217;emballage en verre reste le mat\u00e9riau de choix pour ses qualit\u00e9s environnementales : en Suisse\u00a0 93 % pr\u00e9tendent recycler le verre, suivie par l&#8217;Italie (91%),\u00a0 l\u2019Allemagne (89%), l\u2019Espagne (77%) et la France (74%).<\/p>\n<p>L&#8217;enqu\u00eate a \u00e9galement r\u00e9v\u00e9l\u00e9 d\u2019autres diff\u00e9rences\u00a0: il ressort que les femmes sont moins conscientes des propri\u00e9t\u00e9s environnementales de verre, et les hommes utilisent plus de produits emball\u00e9s dans du verre que les femmes.<\/p>\n<p>Les r\u00e9sultats complets pour la France seront bient\u00f4t disponibles.<\/p>\n\r\n            <\/div>\r\n<\/div>","protected":false},"excerpt":{"rendered":"<p>Les Europ\u00e9ens sont de plus en plus conscients de l&#8217;importance du recyclage des emballages, mais selon notre enqu\u00eate, il semble que les personnes les plus \u00e2g\u00e9es sont plus inform\u00e9es et plus engag\u00e9es que les jeunes.<\/p>\n","protected":false},"author":1,"featured_media":355,"comment_status":"open","ping_status":"open","sticky":false,"template":"","format":"standard","meta":{"_acf_changed":false,"inline_featured_image":false,"footnotes":""},"categories":[8],"tags":[],"class_list":["post-127","post","type-post","status-publish","format-standard","has-post-thumbnail","hentry","category-environment"],"acf":[],"yoast_head":"<!-- This site is optimized with the Yoast SEO plugin v26.3 - https:\/\/yoast.com\/wordpress\/plugins\/seo\/ -->\n<title>Le recyclage? Une question d\u2019\u00e2ge - Friends of Glass FR<\/title>\n<meta name=\"description\" content=\"Les Europ\u00e9ens sont de plus en plus conscients de l&#039;importance du recyclage des emballages, mais selon notre enqu\u00eate, il semble que les personnes les plus \u00e2g\u00e9es sont plus inform\u00e9es et plus engag\u00e9es que les jeunes.\" \/>\n<meta name=\"robots\" content=\"index, follow, max-snippet:-1, max-image-preview:large, max-video-preview:-1\" \/>\n<link rel=\"canonical\" href=\"https:\/\/friendsofglass.com\/fr\/recits\/europeens-conscients-importance-recyclage-age\/\" \/>\n<meta property=\"og:locale\" content=\"en_US\" \/>\n<meta property=\"og:type\" content=\"article\" \/>\n<meta property=\"og:title\" content=\"Le recyclage? Une question d\u2019\u00e2ge - Friends of Glass FR\" \/>\n<meta property=\"og:description\" content=\"Les Europ\u00e9ens sont de plus en plus conscients de l&#039;importance du recyclage des emballages, mais selon notre enqu\u00eate, il semble que les personnes les plus \u00e2g\u00e9es sont plus inform\u00e9es et plus engag\u00e9es que les jeunes.\" \/>\n<meta property=\"og:url\" content=\"https:\/\/friendsofglass.com\/fr\/recits\/europeens-conscients-importance-recyclage-age\/\" \/>\n<meta property=\"og:site_name\" content=\"Friends of Glass FR\" \/>\n<meta property=\"article:published_time\" content=\"2016-05-10T17:15:14+00:00\" \/>\n<meta property=\"article:modified_time\" content=\"2024-08-27T06:28:34+00:00\" \/>\n<meta property=\"og:image\" content=\"https:\/\/friendsofglass.com\/fr\/wp-content\/uploads\/sites\/7\/2024\/07\/environment-banner.png\" \/>\n\t<meta property=\"og:image:width\" content=\"1440\" \/>\n\t<meta property=\"og:image:height\" content=\"800\" \/>\n\t<meta property=\"og:image:type\" content=\"image\/png\" \/>\n<meta name=\"author\" content=\"admin\" \/>\n<meta name=\"twitter:card\" content=\"summary_large_image\" \/>\n<meta name=\"twitter:label1\" content=\"Written by\" \/>\n\t<meta name=\"twitter:data1\" content=\"admin\" \/>\n\t<meta name=\"twitter:label2\" content=\"Est. reading time\" \/>\n\t<meta name=\"twitter:data2\" content=\"1 minute\" \/>\n<script type=\"application\/ld+json\" class=\"yoast-schema-graph\">{\"@context\":\"https:\/\/schema.org\",\"@graph\":[{\"@type\":\"Article\",\"@id\":\"https:\/\/friendsofglass.com\/fr\/recits\/europeens-conscients-importance-recyclage-age\/#article\",\"isPartOf\":{\"@id\":\"https:\/\/friendsofglass.com\/fr\/recits\/europeens-conscients-importance-recyclage-age\/\"},\"author\":{\"name\":\"admin\",\"@id\":\"https:\/\/friendsofglass.com\/fr\/#\/schema\/person\/020c8f935e53b78218b548c299c31daf\"},\"headline\":\"Le recyclage? Une question d\u2019\u00e2ge\",\"datePublished\":\"2016-05-10T17:15:14+00:00\",\"dateModified\":\"2024-08-27T06:28:34+00:00\",\"mainEntityOfPage\":{\"@id\":\"https:\/\/friendsofglass.com\/fr\/recits\/europeens-conscients-importance-recyclage-age\/\"},\"wordCount\":6,\"commentCount\":0,\"publisher\":{\"@id\":\"https:\/\/friendsofglass.com\/fr\/#organization\"},\"image\":{\"@id\":\"https:\/\/friendsofglass.com\/fr\/recits\/europeens-conscients-importance-recyclage-age\/#primaryimage\"},\"thumbnailUrl\":\"https:\/\/friendsofglass.com\/fr\/wp-content\/uploads\/sites\/7\/2024\/07\/environment-banner.png\",\"articleSection\":[\"Environnement\"],\"inLanguage\":\"en-US\"},{\"@type\":\"WebPage\",\"@id\":\"https:\/\/friendsofglass.com\/fr\/recits\/europeens-conscients-importance-recyclage-age\/\",\"url\":\"https:\/\/friendsofglass.com\/fr\/recits\/europeens-conscients-importance-recyclage-age\/\",\"name\":\"Le recyclage? Une question d\u2019\u00e2ge - Friends of Glass FR\",\"isPartOf\":{\"@id\":\"https:\/\/friendsofglass.com\/fr\/#website\"},\"primaryImageOfPage\":{\"@id\":\"https:\/\/friendsofglass.com\/fr\/recits\/europeens-conscients-importance-recyclage-age\/#primaryimage\"},\"image\":{\"@id\":\"https:\/\/friendsofglass.com\/fr\/recits\/europeens-conscients-importance-recyclage-age\/#primaryimage\"},\"thumbnailUrl\":\"https:\/\/friendsofglass.com\/fr\/wp-content\/uploads\/sites\/7\/2024\/07\/environment-banner.png\",\"datePublished\":\"2016-05-10T17:15:14+00:00\",\"dateModified\":\"2024-08-27T06:28:34+00:00\",\"description\":\"Les Europ\u00e9ens sont de plus en plus conscients de l'importance du recyclage des emballages, mais selon notre enqu\u00eate, il semble que les personnes les plus \u00e2g\u00e9es sont plus inform\u00e9es et plus engag\u00e9es que les jeunes.\",\"breadcrumb\":{\"@id\":\"https:\/\/friendsofglass.com\/fr\/recits\/europeens-conscients-importance-recyclage-age\/#breadcrumb\"},\"inLanguage\":\"en-US\",\"potentialAction\":[{\"@type\":\"ReadAction\",\"target\":[\"https:\/\/friendsofglass.com\/fr\/recits\/europeens-conscients-importance-recyclage-age\/\"]}]},{\"@type\":\"ImageObject\",\"inLanguage\":\"en-US\",\"@id\":\"https:\/\/friendsofglass.com\/fr\/recits\/europeens-conscients-importance-recyclage-age\/#primaryimage\",\"url\":\"https:\/\/friendsofglass.com\/fr\/wp-content\/uploads\/sites\/7\/2024\/07\/environment-banner.png\",\"contentUrl\":\"https:\/\/friendsofglass.com\/fr\/wp-content\/uploads\/sites\/7\/2024\/07\/environment-banner.png\",\"width\":1440,\"height\":800},{\"@type\":\"BreadcrumbList\",\"@id\":\"https:\/\/friendsofglass.com\/fr\/recits\/europeens-conscients-importance-recyclage-age\/#breadcrumb\",\"itemListElement\":[{\"@type\":\"ListItem\",\"position\":1,\"name\":\"Home\",\"item\":\"https:\/\/friendsofglass.com\/fr\/\"},{\"@type\":\"ListItem\",\"position\":2,\"name\":\"Le recyclage? Une question d\u2019\u00e2ge\"}]},{\"@type\":\"WebSite\",\"@id\":\"https:\/\/friendsofglass.com\/fr\/#website\",\"url\":\"https:\/\/friendsofglass.com\/fr\/\",\"name\":\"Friends of Glass FR\",\"description\":\"\",\"publisher\":{\"@id\":\"https:\/\/friendsofglass.com\/fr\/#organization\"},\"potentialAction\":[{\"@type\":\"SearchAction\",\"target\":{\"@type\":\"EntryPoint\",\"urlTemplate\":\"https:\/\/friendsofglass.com\/fr\/?s={search_term_string}\"},\"query-input\":{\"@type\":\"PropertyValueSpecification\",\"valueRequired\":true,\"valueName\":\"search_term_string\"}}],\"inLanguage\":\"en-US\"},{\"@type\":\"Organization\",\"@id\":\"https:\/\/friendsofglass.com\/fr\/#organization\",\"name\":\"Friends of Glass FR\",\"url\":\"https:\/\/friendsofglass.com\/fr\/\",\"logo\":{\"@type\":\"ImageObject\",\"inLanguage\":\"en-US\",\"@id\":\"https:\/\/friendsofglass.com\/fr\/#\/schema\/logo\/image\/\",\"url\":\"https:\/\/friendsofglass.com\/fr\/wp-content\/uploads\/sites\/7\/2024\/03\/FoG_site_logo.png\",\"contentUrl\":\"https:\/\/friendsofglass.com\/fr\/wp-content\/uploads\/sites\/7\/2024\/03\/FoG_site_logo.png\",\"width\":458,\"height\":227,\"caption\":\"Friends of Glass FR\"},\"image\":{\"@id\":\"https:\/\/friendsofglass.com\/fr\/#\/schema\/logo\/image\/\"}},{\"@type\":\"Person\",\"@id\":\"https:\/\/friendsofglass.com\/fr\/#\/schema\/person\/020c8f935e53b78218b548c299c31daf\",\"name\":\"admin\",\"image\":{\"@type\":\"ImageObject\",\"inLanguage\":\"en-US\",\"@id\":\"https:\/\/friendsofglass.com\/fr\/#\/schema\/person\/image\/\",\"url\":\"https:\/\/secure.gravatar.com\/avatar\/18f4540ab295eaa8861dc39bf958c4396cf804af6a6a03b55be927c1e82d2b80?s=96&d=mm&r=g\",\"contentUrl\":\"https:\/\/secure.gravatar.com\/avatar\/18f4540ab295eaa8861dc39bf958c4396cf804af6a6a03b55be927c1e82d2b80?s=96&d=mm&r=g\",\"caption\":\"admin\"},\"sameAs\":[\"https:\/\/friendsofglass.com\/\"],\"url\":\"https:\/\/friendsofglass.com\/fr\/recits\/author\/admin\/\"}]}<\/script>\n<!-- \/ Yoast SEO plugin. -->","yoast_head_json":{"title":"Le recyclage? Une question d\u2019\u00e2ge - Friends of Glass FR","description":"Les Europ\u00e9ens sont de plus en plus conscients de l'importance du recyclage des emballages, mais selon notre enqu\u00eate, il semble que les personnes les plus \u00e2g\u00e9es sont plus inform\u00e9es et plus engag\u00e9es que les jeunes.","robots":{"index":"index","follow":"follow","max-snippet":"max-snippet:-1","max-image-preview":"max-image-preview:large","max-video-preview":"max-video-preview:-1"},"canonical":"https:\/\/friendsofglass.com\/fr\/recits\/europeens-conscients-importance-recyclage-age\/","og_locale":"en_US","og_type":"article","og_title":"Le recyclage? Une question d\u2019\u00e2ge - Friends of Glass FR","og_description":"Les Europ\u00e9ens sont de plus en plus conscients de l'importance du recyclage des emballages, mais selon notre enqu\u00eate, il semble que les personnes les plus \u00e2g\u00e9es sont plus inform\u00e9es et plus engag\u00e9es que les jeunes.","og_url":"https:\/\/friendsofglass.com\/fr\/recits\/europeens-conscients-importance-recyclage-age\/","og_site_name":"Friends of Glass FR","article_published_time":"2016-05-10T17:15:14+00:00","article_modified_time":"2024-08-27T06:28:34+00:00","og_image":[{"width":1440,"height":800,"url":"https:\/\/friendsofglass.com\/fr\/wp-content\/uploads\/sites\/7\/2024\/07\/environment-banner.png","type":"image\/png"}],"author":"admin","twitter_card":"summary_large_image","twitter_misc":{"Written by":"admin","Est. reading time":"1 minute"},"schema":{"@context":"https:\/\/schema.org","@graph":[{"@type":"Article","@id":"https:\/\/friendsofglass.com\/fr\/recits\/europeens-conscients-importance-recyclage-age\/#article","isPartOf":{"@id":"https:\/\/friendsofglass.com\/fr\/recits\/europeens-conscients-importance-recyclage-age\/"},"author":{"name":"admin","@id":"https:\/\/friendsofglass.com\/fr\/#\/schema\/person\/020c8f935e53b78218b548c299c31daf"},"headline":"Le recyclage? Une question d\u2019\u00e2ge","datePublished":"2016-05-10T17:15:14+00:00","dateModified":"2024-08-27T06:28:34+00:00","mainEntityOfPage":{"@id":"https:\/\/friendsofglass.com\/fr\/recits\/europeens-conscients-importance-recyclage-age\/"},"wordCount":6,"commentCount":0,"publisher":{"@id":"https:\/\/friendsofglass.com\/fr\/#organization"},"image":{"@id":"https:\/\/friendsofglass.com\/fr\/recits\/europeens-conscients-importance-recyclage-age\/#primaryimage"},"thumbnailUrl":"https:\/\/friendsofglass.com\/fr\/wp-content\/uploads\/sites\/7\/2024\/07\/environment-banner.png","articleSection":["Environnement"],"inLanguage":"en-US"},{"@type":"WebPage","@id":"https:\/\/friendsofglass.com\/fr\/recits\/europeens-conscients-importance-recyclage-age\/","url":"https:\/\/friendsofglass.com\/fr\/recits\/europeens-conscients-importance-recyclage-age\/","name":"Le recyclage? Une question d\u2019\u00e2ge - Friends of Glass FR","isPartOf":{"@id":"https:\/\/friendsofglass.com\/fr\/#website"},"primaryImageOfPage":{"@id":"https:\/\/friendsofglass.com\/fr\/recits\/europeens-conscients-importance-recyclage-age\/#primaryimage"},"image":{"@id":"https:\/\/friendsofglass.com\/fr\/recits\/europeens-conscients-importance-recyclage-age\/#primaryimage"},"thumbnailUrl":"https:\/\/friendsofglass.com\/fr\/wp-content\/uploads\/sites\/7\/2024\/07\/environment-banner.png","datePublished":"2016-05-10T17:15:14+00:00","dateModified":"2024-08-27T06:28:34+00:00","description":"Les Europ\u00e9ens sont de plus en plus conscients de l'importance du recyclage des emballages, mais selon notre enqu\u00eate, il semble que les personnes les plus \u00e2g\u00e9es sont plus inform\u00e9es et plus engag\u00e9es que les jeunes.","breadcrumb":{"@id":"https:\/\/friendsofglass.com\/fr\/recits\/europeens-conscients-importance-recyclage-age\/#breadcrumb"},"inLanguage":"en-US","potentialAction":[{"@type":"ReadAction","target":["https:\/\/friendsofglass.com\/fr\/recits\/europeens-conscients-importance-recyclage-age\/"]}]},{"@type":"ImageObject","inLanguage":"en-US","@id":"https:\/\/friendsofglass.com\/fr\/recits\/europeens-conscients-importance-recyclage-age\/#primaryimage","url":"https:\/\/friendsofglass.com\/fr\/wp-content\/uploads\/sites\/7\/2024\/07\/environment-banner.png","contentUrl":"https:\/\/friendsofglass.com\/fr\/wp-content\/uploads\/sites\/7\/2024\/07\/environment-banner.png","width":1440,"height":800},{"@type":"BreadcrumbList","@id":"https:\/\/friendsofglass.com\/fr\/recits\/europeens-conscients-importance-recyclage-age\/#breadcrumb","itemListElement":[{"@type":"ListItem","position":1,"name":"Home","item":"https:\/\/friendsofglass.com\/fr\/"},{"@type":"ListItem","position":2,"name":"Le recyclage? Une question d\u2019\u00e2ge"}]},{"@type":"WebSite","@id":"https:\/\/friendsofglass.com\/fr\/#website","url":"https:\/\/friendsofglass.com\/fr\/","name":"Friends of Glass FR","description":"","publisher":{"@id":"https:\/\/friendsofglass.com\/fr\/#organization"},"potentialAction":[{"@type":"SearchAction","target":{"@type":"EntryPoint","urlTemplate":"https:\/\/friendsofglass.com\/fr\/?s={search_term_string}"},"query-input":{"@type":"PropertyValueSpecification","valueRequired":true,"valueName":"search_term_string"}}],"inLanguage":"en-US"},{"@type":"Organization","@id":"https:\/\/friendsofglass.com\/fr\/#organization","name":"Friends of Glass FR","url":"https:\/\/friendsofglass.com\/fr\/","logo":{"@type":"ImageObject","inLanguage":"en-US","@id":"https:\/\/friendsofglass.com\/fr\/#\/schema\/logo\/image\/","url":"https:\/\/friendsofglass.com\/fr\/wp-content\/uploads\/sites\/7\/2024\/03\/FoG_site_logo.png","contentUrl":"https:\/\/friendsofglass.com\/fr\/wp-content\/uploads\/sites\/7\/2024\/03\/FoG_site_logo.png","width":458,"height":227,"caption":"Friends of Glass FR"},"image":{"@id":"https:\/\/friendsofglass.com\/fr\/#\/schema\/logo\/image\/"}},{"@type":"Person","@id":"https:\/\/friendsofglass.com\/fr\/#\/schema\/person\/020c8f935e53b78218b548c299c31daf","name":"admin","image":{"@type":"ImageObject","inLanguage":"en-US","@id":"https:\/\/friendsofglass.com\/fr\/#\/schema\/person\/image\/","url":"https:\/\/secure.gravatar.com\/avatar\/18f4540ab295eaa8861dc39bf958c4396cf804af6a6a03b55be927c1e82d2b80?s=96&d=mm&r=g","contentUrl":"https:\/\/secure.gravatar.com\/avatar\/18f4540ab295eaa8861dc39bf958c4396cf804af6a6a03b55be927c1e82d2b80?s=96&d=mm&r=g","caption":"admin"},"sameAs":["https:\/\/friendsofglass.com\/"],"url":"https:\/\/friendsofglass.com\/fr\/recits\/author\/admin\/"}]}},"_links":{"self":[{"href":"https:\/\/friendsofglass.com\/fr\/wp-json\/wp\/v2\/posts\/127","targetHints":{"allow":["GET"]}}],"collection":[{"href":"https:\/\/friendsofglass.com\/fr\/wp-json\/wp\/v2\/posts"}],"about":[{"href":"https:\/\/friendsofglass.com\/fr\/wp-json\/wp\/v2\/types\/post"}],"author":[{"embeddable":true,"href":"https:\/\/friendsofglass.com\/fr\/wp-json\/wp\/v2\/users\/1"}],"replies":[{"embeddable":true,"href":"https:\/\/friendsofglass.com\/fr\/wp-json\/wp\/v2\/comments?post=127"}],"version-history":[{"count":0,"href":"https:\/\/friendsofglass.com\/fr\/wp-json\/wp\/v2\/posts\/127\/revisions"}],"wp:featuredmedia":[{"embeddable":true,"href":"https:\/\/friendsofglass.com\/fr\/wp-json\/wp\/v2\/media\/355"}],"wp:attachment":[{"href":"https:\/\/friendsofglass.com\/fr\/wp-json\/wp\/v2\/media?parent=127"}],"wp:term":[{"taxonomy":"category","embeddable":true,"href":"https:\/\/friendsofglass.com\/fr\/wp-json\/wp\/v2\/categories?post=127"},{"taxonomy":"post_tag","embeddable":true,"href":"https:\/\/friendsofglass.com\/fr\/wp-json\/wp\/v2\/tags?post=127"}],"curies":[{"name":"wp","href":"https:\/\/api.w.org\/{rel}","templated":true}]}}