{"id":139,"date":"2017-11-30T12:17:51","date_gmt":"2017-11-30T12:17:51","guid":{"rendered":"https:\/\/www.friendsofglass.com\/fr\/design-fr\/un-calendrier-de-lavent-original-et-tout-en-verre\/1"},"modified":"2024-09-07T15:21:07","modified_gmt":"2024-09-07T15:21:07","slug":"calendrier-lavent-original-et-tout-en-verre","status":"publish","type":"post","link":"https:\/\/friendsofglass.com\/fr\/recits\/calendrier-lavent-original-et-tout-en-verre\/","title":{"rendered":"Un calendrier de l&#8217;avent original et tout en verre"},"content":{"rendered":"\r\n<div  class=\"custom-rich-text-block transparent\">\r\n    <div class=\"custom-rich-text spacing-top-2 spacing-bottom-2 global-container\">\r\n        <p>Il vous faudra 24 bocaux en verre (de formes et tailles diff\u00e9rentes, c&#8217;est encore plus joli), des bombes de peinture, du masking tape, des stickers \u00e9toiles paillettes, du scotch paillettes et des boules argent.<\/p>\n<p>Il est facile \u00e0 r\u00e9aliser et vos enfants pourront participer \u00e0 sa r\u00e9alisation ! Suivez le tuto pr\u00e9sent\u00e9 sur le blog de\u00a0pteapotes : http:\/\/bit.ly\/1NQjAVi<\/p>\n<p><a href=\"https:\/\/www.friendsofglass.com\/wp-content\/uploads\/avent4.jpg\"><img loading=\"lazy\" decoding=\"async\" class=\"alignnone size-full wp-image-8124\" src=\"https:\/\/www.friendsofglass.com\/wp-content\/uploads\/avent4.jpg\" alt=\"\" width=\"1650\" height=\"1100\" \/><\/a><\/p>\n\r\n            <\/div>\r\n<\/div>","protected":false},"excerpt":{"rendered":"<p>Dernier jour pour r\u00e9aliser un\u00a0\u00a0calendrier de l&#8217;avent original et tout en verre !<\/p>\n","protected":false},"author":1,"featured_media":597,"comment_status":"open","ping_status":"open","sticky":false,"template":"","format":"standard","meta":{"_acf_changed":false,"inline_featured_image":false,"footnotes":""},"categories":[2],"tags":[42,49,50,22],"class_list":["post-139","post","type-post","status-publish","format-standard","has-post-thumbnail","hentry","category-experience","tag-design","tag-enfant","tag-noel","tag-verre"],"acf":[],"yoast_head":"<!-- This site is optimized with the Yoast SEO plugin v26.3 - https:\/\/yoast.com\/wordpress\/plugins\/seo\/ -->\n<title>Un calendrier de l&#039;avent original et tout en verre - Friends of Glass FR<\/title>\n<meta name=\"description\" content=\"Dernier jour pour r\u00e9aliser un\u00a0\u00a0calendrier de l&#039;avent original et tout en verre !\" \/>\n<meta name=\"robots\" content=\"index, follow, max-snippet:-1, max-image-preview:large, max-video-preview:-1\" \/>\n<link rel=\"canonical\" href=\"https:\/\/friendsofglass.com\/fr\/recits\/calendrier-lavent-original-et-tout-en-verre\/\" \/>\n<meta property=\"og:locale\" content=\"en_US\" \/>\n<meta property=\"og:type\" content=\"article\" \/>\n<meta property=\"og:title\" content=\"Un calendrier de l&#039;avent original et tout en verre - Friends of Glass FR\" \/>\n<meta property=\"og:description\" content=\"Dernier jour pour r\u00e9aliser un\u00a0\u00a0calendrier de l&#039;avent original et tout en verre !\" \/>\n<meta property=\"og:url\" content=\"https:\/\/friendsofglass.com\/fr\/recits\/calendrier-lavent-original-et-tout-en-verre\/\" \/>\n<meta property=\"og:site_name\" content=\"Friends of Glass FR\" \/>\n<meta property=\"article:published_time\" content=\"2017-11-30T12:17:51+00:00\" \/>\n<meta property=\"article:modified_time\" content=\"2024-09-07T15:21:07+00:00\" \/>\n<meta property=\"og:image\" content=\"https:\/\/friendsofglass.com\/fr\/wp-content\/uploads\/sites\/7\/2017\/11\/avent4.jpg\" \/>\n\t<meta property=\"og:image:width\" content=\"1650\" \/>\n\t<meta property=\"og:image:height\" content=\"1100\" \/>\n\t<meta property=\"og:image:type\" content=\"image\/jpeg\" \/>\n<meta name=\"author\" content=\"admin\" \/>\n<meta name=\"twitter:card\" content=\"summary_large_image\" \/>\n<meta name=\"twitter:label1\" content=\"Written by\" \/>\n\t<meta name=\"twitter:data1\" content=\"admin\" \/>\n\t<meta name=\"twitter:label2\" content=\"Est. reading time\" \/>\n\t<meta name=\"twitter:data2\" content=\"1 minute\" \/>\n<script type=\"application\/ld+json\" class=\"yoast-schema-graph\">{\"@context\":\"https:\/\/schema.org\",\"@graph\":[{\"@type\":\"Article\",\"@id\":\"https:\/\/friendsofglass.com\/fr\/recits\/calendrier-lavent-original-et-tout-en-verre\/#article\",\"isPartOf\":{\"@id\":\"https:\/\/friendsofglass.com\/fr\/recits\/calendrier-lavent-original-et-tout-en-verre\/\"},\"author\":{\"name\":\"admin\",\"@id\":\"https:\/\/friendsofglass.com\/fr\/#\/schema\/person\/020c8f935e53b78218b548c299c31daf\"},\"headline\":\"Un calendrier de l&#8217;avent original et tout en verre\",\"datePublished\":\"2017-11-30T12:17:51+00:00\",\"dateModified\":\"2024-09-07T15:21:07+00:00\",\"mainEntityOfPage\":{\"@id\":\"https:\/\/friendsofglass.com\/fr\/recits\/calendrier-lavent-original-et-tout-en-verre\/\"},\"wordCount\":10,\"commentCount\":0,\"publisher\":{\"@id\":\"https:\/\/friendsofglass.com\/fr\/#organization\"},\"image\":{\"@id\":\"https:\/\/friendsofglass.com\/fr\/recits\/calendrier-lavent-original-et-tout-en-verre\/#primaryimage\"},\"thumbnailUrl\":\"https:\/\/friendsofglass.com\/fr\/wp-content\/uploads\/sites\/7\/2017\/11\/avent4.jpg\",\"keywords\":[\"design\",\"enfant\",\"noel\",\"verre\"],\"articleSection\":[\"Exp\u00e9rience\"],\"inLanguage\":\"en-US\"},{\"@type\":\"WebPage\",\"@id\":\"https:\/\/friendsofglass.com\/fr\/recits\/calendrier-lavent-original-et-tout-en-verre\/\",\"url\":\"https:\/\/friendsofglass.com\/fr\/recits\/calendrier-lavent-original-et-tout-en-verre\/\",\"name\":\"Un calendrier de l'avent original et tout en verre - Friends of Glass FR\",\"isPartOf\":{\"@id\":\"https:\/\/friendsofglass.com\/fr\/#website\"},\"primaryImageOfPage\":{\"@id\":\"https:\/\/friendsofglass.com\/fr\/recits\/calendrier-lavent-original-et-tout-en-verre\/#primaryimage\"},\"image\":{\"@id\":\"https:\/\/friendsofglass.com\/fr\/recits\/calendrier-lavent-original-et-tout-en-verre\/#primaryimage\"},\"thumbnailUrl\":\"https:\/\/friendsofglass.com\/fr\/wp-content\/uploads\/sites\/7\/2017\/11\/avent4.jpg\",\"datePublished\":\"2017-11-30T12:17:51+00:00\",\"dateModified\":\"2024-09-07T15:21:07+00:00\",\"description\":\"Dernier jour pour r\u00e9aliser un\u00a0\u00a0calendrier de l'avent original et tout en verre !\",\"breadcrumb\":{\"@id\":\"https:\/\/friendsofglass.com\/fr\/recits\/calendrier-lavent-original-et-tout-en-verre\/#breadcrumb\"},\"inLanguage\":\"en-US\",\"potentialAction\":[{\"@type\":\"ReadAction\",\"target\":[\"https:\/\/friendsofglass.com\/fr\/recits\/calendrier-lavent-original-et-tout-en-verre\/\"]}]},{\"@type\":\"ImageObject\",\"inLanguage\":\"en-US\",\"@id\":\"https:\/\/friendsofglass.com\/fr\/recits\/calendrier-lavent-original-et-tout-en-verre\/#primaryimage\",\"url\":\"https:\/\/friendsofglass.com\/fr\/wp-content\/uploads\/sites\/7\/2017\/11\/avent4.jpg\",\"contentUrl\":\"https:\/\/friendsofglass.com\/fr\/wp-content\/uploads\/sites\/7\/2017\/11\/avent4.jpg\",\"width\":1650,\"height\":1100},{\"@type\":\"BreadcrumbList\",\"@id\":\"https:\/\/friendsofglass.com\/fr\/recits\/calendrier-lavent-original-et-tout-en-verre\/#breadcrumb\",\"itemListElement\":[{\"@type\":\"ListItem\",\"position\":1,\"name\":\"Home\",\"item\":\"https:\/\/friendsofglass.com\/fr\/\"},{\"@type\":\"ListItem\",\"position\":2,\"name\":\"Un calendrier de l&#8217;avent original et tout en verre\"}]},{\"@type\":\"WebSite\",\"@id\":\"https:\/\/friendsofglass.com\/fr\/#website\",\"url\":\"https:\/\/friendsofglass.com\/fr\/\",\"name\":\"Friends of Glass FR\",\"description\":\"\",\"publisher\":{\"@id\":\"https:\/\/friendsofglass.com\/fr\/#organization\"},\"potentialAction\":[{\"@type\":\"SearchAction\",\"target\":{\"@type\":\"EntryPoint\",\"urlTemplate\":\"https:\/\/friendsofglass.com\/fr\/?s={search_term_string}\"},\"query-input\":{\"@type\":\"PropertyValueSpecification\",\"valueRequired\":true,\"valueName\":\"search_term_string\"}}],\"inLanguage\":\"en-US\"},{\"@type\":\"Organization\",\"@id\":\"https:\/\/friendsofglass.com\/fr\/#organization\",\"name\":\"Friends of Glass FR\",\"url\":\"https:\/\/friendsofglass.com\/fr\/\",\"logo\":{\"@type\":\"ImageObject\",\"inLanguage\":\"en-US\",\"@id\":\"https:\/\/friendsofglass.com\/fr\/#\/schema\/logo\/image\/\",\"url\":\"https:\/\/friendsofglass.com\/fr\/wp-content\/uploads\/sites\/7\/2024\/03\/FoG_site_logo.png\",\"contentUrl\":\"https:\/\/friendsofglass.com\/fr\/wp-content\/uploads\/sites\/7\/2024\/03\/FoG_site_logo.png\",\"width\":458,\"height\":227,\"caption\":\"Friends of Glass FR\"},\"image\":{\"@id\":\"https:\/\/friendsofglass.com\/fr\/#\/schema\/logo\/image\/\"}},{\"@type\":\"Person\",\"@id\":\"https:\/\/friendsofglass.com\/fr\/#\/schema\/person\/020c8f935e53b78218b548c299c31daf\",\"name\":\"admin\",\"image\":{\"@type\":\"ImageObject\",\"inLanguage\":\"en-US\",\"@id\":\"https:\/\/friendsofglass.com\/fr\/#\/schema\/person\/image\/\",\"url\":\"https:\/\/secure.gravatar.com\/avatar\/18f4540ab295eaa8861dc39bf958c4396cf804af6a6a03b55be927c1e82d2b80?s=96&d=mm&r=g\",\"contentUrl\":\"https:\/\/secure.gravatar.com\/avatar\/18f4540ab295eaa8861dc39bf958c4396cf804af6a6a03b55be927c1e82d2b80?s=96&d=mm&r=g\",\"caption\":\"admin\"},\"sameAs\":[\"https:\/\/friendsofglass.com\/\"],\"url\":\"https:\/\/friendsofglass.com\/fr\/recits\/author\/admin\/\"}]}<\/script>\n<!-- \/ Yoast SEO plugin. -->","yoast_head_json":{"title":"Un calendrier de l'avent original et tout en verre - Friends of Glass FR","description":"Dernier jour pour r\u00e9aliser un\u00a0\u00a0calendrier de l'avent original et tout en verre !","robots":{"index":"index","follow":"follow","max-snippet":"max-snippet:-1","max-image-preview":"max-image-preview:large","max-video-preview":"max-video-preview:-1"},"canonical":"https:\/\/friendsofglass.com\/fr\/recits\/calendrier-lavent-original-et-tout-en-verre\/","og_locale":"en_US","og_type":"article","og_title":"Un calendrier de l'avent original et tout en verre - Friends of Glass FR","og_description":"Dernier jour pour r\u00e9aliser un\u00a0\u00a0calendrier de l'avent original et tout en verre !","og_url":"https:\/\/friendsofglass.com\/fr\/recits\/calendrier-lavent-original-et-tout-en-verre\/","og_site_name":"Friends of Glass FR","article_published_time":"2017-11-30T12:17:51+00:00","article_modified_time":"2024-09-07T15:21:07+00:00","og_image":[{"width":1650,"height":1100,"url":"https:\/\/friendsofglass.com\/fr\/wp-content\/uploads\/sites\/7\/2017\/11\/avent4.jpg","type":"image\/jpeg"}],"author":"admin","twitter_card":"summary_large_image","twitter_misc":{"Written by":"admin","Est. reading time":"1 minute"},"schema":{"@context":"https:\/\/schema.org","@graph":[{"@type":"Article","@id":"https:\/\/friendsofglass.com\/fr\/recits\/calendrier-lavent-original-et-tout-en-verre\/#article","isPartOf":{"@id":"https:\/\/friendsofglass.com\/fr\/recits\/calendrier-lavent-original-et-tout-en-verre\/"},"author":{"name":"admin","@id":"https:\/\/friendsofglass.com\/fr\/#\/schema\/person\/020c8f935e53b78218b548c299c31daf"},"headline":"Un calendrier de l&#8217;avent original et tout en verre","datePublished":"2017-11-30T12:17:51+00:00","dateModified":"2024-09-07T15:21:07+00:00","mainEntityOfPage":{"@id":"https:\/\/friendsofglass.com\/fr\/recits\/calendrier-lavent-original-et-tout-en-verre\/"},"wordCount":10,"commentCount":0,"publisher":{"@id":"https:\/\/friendsofglass.com\/fr\/#organization"},"image":{"@id":"https:\/\/friendsofglass.com\/fr\/recits\/calendrier-lavent-original-et-tout-en-verre\/#primaryimage"},"thumbnailUrl":"https:\/\/friendsofglass.com\/fr\/wp-content\/uploads\/sites\/7\/2017\/11\/avent4.jpg","keywords":["design","enfant","noel","verre"],"articleSection":["Exp\u00e9rience"],"inLanguage":"en-US"},{"@type":"WebPage","@id":"https:\/\/friendsofglass.com\/fr\/recits\/calendrier-lavent-original-et-tout-en-verre\/","url":"https:\/\/friendsofglass.com\/fr\/recits\/calendrier-lavent-original-et-tout-en-verre\/","name":"Un calendrier de l'avent original et tout en verre - Friends of Glass FR","isPartOf":{"@id":"https:\/\/friendsofglass.com\/fr\/#website"},"primaryImageOfPage":{"@id":"https:\/\/friendsofglass.com\/fr\/recits\/calendrier-lavent-original-et-tout-en-verre\/#primaryimage"},"image":{"@id":"https:\/\/friendsofglass.com\/fr\/recits\/calendrier-lavent-original-et-tout-en-verre\/#primaryimage"},"thumbnailUrl":"https:\/\/friendsofglass.com\/fr\/wp-content\/uploads\/sites\/7\/2017\/11\/avent4.jpg","datePublished":"2017-11-30T12:17:51+00:00","dateModified":"2024-09-07T15:21:07+00:00","description":"Dernier jour pour r\u00e9aliser un\u00a0\u00a0calendrier de l'avent original et tout en verre !","breadcrumb":{"@id":"https:\/\/friendsofglass.com\/fr\/recits\/calendrier-lavent-original-et-tout-en-verre\/#breadcrumb"},"inLanguage":"en-US","potentialAction":[{"@type":"ReadAction","target":["https:\/\/friendsofglass.com\/fr\/recits\/calendrier-lavent-original-et-tout-en-verre\/"]}]},{"@type":"ImageObject","inLanguage":"en-US","@id":"https:\/\/friendsofglass.com\/fr\/recits\/calendrier-lavent-original-et-tout-en-verre\/#primaryimage","url":"https:\/\/friendsofglass.com\/fr\/wp-content\/uploads\/sites\/7\/2017\/11\/avent4.jpg","contentUrl":"https:\/\/friendsofglass.com\/fr\/wp-content\/uploads\/sites\/7\/2017\/11\/avent4.jpg","width":1650,"height":1100},{"@type":"BreadcrumbList","@id":"https:\/\/friendsofglass.com\/fr\/recits\/calendrier-lavent-original-et-tout-en-verre\/#breadcrumb","itemListElement":[{"@type":"ListItem","position":1,"name":"Home","item":"https:\/\/friendsofglass.com\/fr\/"},{"@type":"ListItem","position":2,"name":"Un calendrier de l&#8217;avent original et tout en verre"}]},{"@type":"WebSite","@id":"https:\/\/friendsofglass.com\/fr\/#website","url":"https:\/\/friendsofglass.com\/fr\/","name":"Friends of Glass FR","description":"","publisher":{"@id":"https:\/\/friendsofglass.com\/fr\/#organization"},"potentialAction":[{"@type":"SearchAction","target":{"@type":"EntryPoint","urlTemplate":"https:\/\/friendsofglass.com\/fr\/?s={search_term_string}"},"query-input":{"@type":"PropertyValueSpecification","valueRequired":true,"valueName":"search_term_string"}}],"inLanguage":"en-US"},{"@type":"Organization","@id":"https:\/\/friendsofglass.com\/fr\/#organization","name":"Friends of Glass FR","url":"https:\/\/friendsofglass.com\/fr\/","logo":{"@type":"ImageObject","inLanguage":"en-US","@id":"https:\/\/friendsofglass.com\/fr\/#\/schema\/logo\/image\/","url":"https:\/\/friendsofglass.com\/fr\/wp-content\/uploads\/sites\/7\/2024\/03\/FoG_site_logo.png","contentUrl":"https:\/\/friendsofglass.com\/fr\/wp-content\/uploads\/sites\/7\/2024\/03\/FoG_site_logo.png","width":458,"height":227,"caption":"Friends of Glass FR"},"image":{"@id":"https:\/\/friendsofglass.com\/fr\/#\/schema\/logo\/image\/"}},{"@type":"Person","@id":"https:\/\/friendsofglass.com\/fr\/#\/schema\/person\/020c8f935e53b78218b548c299c31daf","name":"admin","image":{"@type":"ImageObject","inLanguage":"en-US","@id":"https:\/\/friendsofglass.com\/fr\/#\/schema\/person\/image\/","url":"https:\/\/secure.gravatar.com\/avatar\/18f4540ab295eaa8861dc39bf958c4396cf804af6a6a03b55be927c1e82d2b80?s=96&d=mm&r=g","contentUrl":"https:\/\/secure.gravatar.com\/avatar\/18f4540ab295eaa8861dc39bf958c4396cf804af6a6a03b55be927c1e82d2b80?s=96&d=mm&r=g","caption":"admin"},"sameAs":["https:\/\/friendsofglass.com\/"],"url":"https:\/\/friendsofglass.com\/fr\/recits\/author\/admin\/"}]}},"_links":{"self":[{"href":"https:\/\/friendsofglass.com\/fr\/wp-json\/wp\/v2\/posts\/139","targetHints":{"allow":["GET"]}}],"collection":[{"href":"https:\/\/friendsofglass.com\/fr\/wp-json\/wp\/v2\/posts"}],"about":[{"href":"https:\/\/friendsofglass.com\/fr\/wp-json\/wp\/v2\/types\/post"}],"author":[{"embeddable":true,"href":"https:\/\/friendsofglass.com\/fr\/wp-json\/wp\/v2\/users\/1"}],"replies":[{"embeddable":true,"href":"https:\/\/friendsofglass.com\/fr\/wp-json\/wp\/v2\/comments?post=139"}],"version-history":[{"count":0,"href":"https:\/\/friendsofglass.com\/fr\/wp-json\/wp\/v2\/posts\/139\/revisions"}],"wp:featuredmedia":[{"embeddable":true,"href":"https:\/\/friendsofglass.com\/fr\/wp-json\/wp\/v2\/media\/597"}],"wp:attachment":[{"href":"https:\/\/friendsofglass.com\/fr\/wp-json\/wp\/v2\/media?parent=139"}],"wp:term":[{"taxonomy":"category","embeddable":true,"href":"https:\/\/friendsofglass.com\/fr\/wp-json\/wp\/v2\/categories?post=139"},{"taxonomy":"post_tag","embeddable":true,"href":"https:\/\/friendsofglass.com\/fr\/wp-json\/wp\/v2\/tags?post=139"}],"curies":[{"name":"wp","href":"https:\/\/api.w.org\/{rel}","templated":true}]}}