{"id":152,"date":"2020-07-10T17:14:57","date_gmt":"2020-07-10T17:14:57","guid":{"rendered":"https:\/\/www.friendsofglass.com\/fr\/history-fr\/lancement-de-la-plateforme-close-the-glass-loop\/1"},"modified":"2024-09-07T15:02:19","modified_gmt":"2024-09-07T15:02:19","slug":"lancement-close-the-glass-loop","status":"publish","type":"post","link":"https:\/\/friendsofglass.com\/fr\/recits\/lancement-close-the-glass-loop\/","title":{"rendered":"Lancement de la plateforme &#8220;Close The Glass Loop&#8221;"},"content":{"rendered":"\r\n<div  class=\"custom-rich-text-block transparent\">\r\n    <div class=\"custom-rich-text spacing-top-2 spacing-bottom-2 global-container\">\r\n        <p>Cette initiative s&#8217;inscrit dans le cadre des efforts visant \u00e0 consolider l&#8217;\u00e9conomie circulaire europ\u00e9enne \u00e0 la suite de l&#8217;adoption du &#8220;Green Deal&#8221; europ\u00e9en, le nouveau programme de l&#8217;Union europ\u00e9enne pour une croissance durable. Le verre est depuis longtemps un leader de l&#8217;\u00e9conomie circulaire, en tant que mat\u00e9riau d&#8217;emballage recyclable \u00e0 l&#8217;infini, <u>avec un taux de recyclage de 76 %<\/u>. En tant que plateforme d&#8217;action europ\u00e9enne, <u>&#8220;Close the Glass Loop&#8221;<\/u> est un partenariat public-priv\u00e9 de collaboration qui vise \u00e0 porter le taux de collecte du verre \u00e0 90 % d&#8217;ici 2030. L&#8217;initiative rassemble douze f\u00e9d\u00e9rations europ\u00e9ennes repr\u00e9sentant les entreprises verri\u00e8res, les pr\u00e9parateurs de verre recycl\u00e9, les marques, les collectivit\u00e9s locales et les \u00e9co-organismes en charge de la collecte et la valorisation des emballages.<\/p>\n<p>Les partenaires europ\u00e9ens fondateurs sont <a href=\"https:\/\/feve.org\/\"><strong>European Container Glass Federation<\/strong><\/a> (FEVE), <a href=\"https:\/\/www.ferver.eu\/\"><strong>European Federation of Glass Recyclers<\/strong><\/a> (FERVER), <a href=\"https:\/\/www.ceev.eu\/\"><strong>Comit\u00e9 Europ\u00e9en des Entreprises Vins<\/strong><\/a> (CEEV), <a href=\"https:\/\/www.efbw.org\/\"><strong>European Federation of Bottled Waters<\/strong><\/a> (EFBW), <a href=\"https:\/\/spirits.eu\/\"><strong>spiritsEUROPE<\/strong><\/a>, <a href=\"https:\/\/www.unesda.eu\/\"><strong>Soft Drinks Europe<\/strong><\/a> (UNESDA), <a href=\"https:\/\/www.expra.eu\/\"><strong>Extended Producer Responsibility Alliance<\/strong><\/a> (EXPRA), <a href=\"https:\/\/prospalliance.org\/\"><strong>Producer Responsibility Organisations Packaging Alliance<\/strong><\/a> (PROsPA, repr\u00e9sent\u00e9 par <a href=\"https:\/\/www.citeo.com\/\"><strong>CITEO<\/strong><\/a>), <a href=\"https:\/\/acrplus.org\/en\/\"><strong>ACR+<\/strong><\/a>, <a href=\"http:\/\/www.eurocities.eu\/\"><strong>Eurocities<\/strong><\/a>, <a href=\"https:\/\/www.municipalwasteeurope.eu\/\"><strong>Municipal Waste Europe<\/strong><\/a> and <a href=\"https:\/\/aijn.eu\/en\"><strong>European Fruit Juice Association (AIJN)<\/strong><\/a>.<\/p>\n<p>Pour garantir une mise en \u0153uvre locale des mesures et des solutions adapt\u00e9es, la plateforme europ\u00e9enne travaillera en collaboration avec des partenaires nationaux dans chaque \u00c9tat membre de l&#8217;UE.<\/p>\n<p>Lors de l&#8217;\u00e9v\u00e9nement de lancement en ligne aujourd&#8217;hui, plus de 200 participants se sont joints aux partenaires fondateurs et aux repr\u00e9sentants nationaux de onze pays (France, Allemagne, Italie, Pologne, Portugal, Espagne, Royaume-Uni, Autriche, Belgique, Su\u00e8de et Irlande) pour lancer officiellement la plateforme et approuver les plans d&#8217;action europ\u00e9ens.<\/p>\n<p><strong>Un exemple concret de collaboration dans l&#8217;\u00e9conomie circulaire<\/strong><\/p>\n<p>Virginijus Sinkevi\u010dius, commissaire europ\u00e9en en charge de l&#8217;environnement, de la p\u00eache et des oc\u00e9ans, a apport\u00e9 son soutien au projet : <em>&#8220;Le verre est un excellent exemple de mat\u00e9riau circulaire. Vous obtenez d\u00e9j\u00e0 des r\u00e9sultats remarquables en mati\u00e8re de collecte et de recyclage. Mais aujourd&#8217;hui, vous montrez votre volont\u00e9 de faire plus, votre d\u00e9termination \u00e0 parfaire ces r\u00e9sultats dans toute l&#8217;UE et \u00e0 rechercher des pistes d&#8217;am\u00e9lioration tout au long de la cha\u00eene. Je suis convaincu que vous accomplirez votre mission et que vous ferez de la plateforme &#8220;Close the glass loop&#8221; le tremplin vers un meilleur recyclage<\/em>&#8220;.<\/p>\n<p>Le plan d&#8217;action europ\u00e9en, pr\u00e9sent\u00e9 par Michel Giannuzzi, pr\u00e9sident de la F\u00e9d\u00e9ration europ\u00e9enne du verre d&#8217;emballage (FEVE), vise \u00e0 relever les d\u00e9fis structurels de la cha\u00eene de collecte et de recyclage du verre qui sont communs \u00e0 la plupart des pays de l&#8217;UE. Les collectivit\u00e9s locales \u00e9tant consid\u00e9r\u00e9es comme un acteur cl\u00e9 pour mobiliser la collecte, les partenaires de &#8220;Close the Glass Loop&#8221; \u00e9tabliront un partenariat solide avec les acteurs locaux \u00a0afin d&#8217;\u00e9tendre la collecte du verre tri\u00e9 \u00e0 la source, d&#8217;am\u00e9liorer la collecte du verre dans les grandes villes et les zones touristiques et de faire en sorte que l&#8217;utilisation, la collecte et le recyclage des emballages en verre soient mieux accompagn\u00e9s par des lignes directrices et des outils communs, \u00e0 tous les stades de la cha\u00eene. Les plans individuels iront de l&#8217;organisation d&#8217;une tourn\u00e9e de pr\u00e9sentation aux collectivit\u00e9s locales et d&#8217;ateliers sur les meilleures pratiques \u00e0 la facilitation de projets pilotes de collecte dans les zones \u00e0 forte densit\u00e9 de population ou touristiques, en passant par l&#8217;\u00e9laboration d&#8217;une feuille de route pour la qualit\u00e9 du calcin et le renforcement de la coop\u00e9ration entre les acteurs nationaux. Le plan d&#8217;action complet peut \u00eatre consult\u00e9 \u00e0 l&#8217;adresse suivante : <a href=\"http:\/\/www.closetheglassloop.eu\"><strong><em>www.closetheglassloop.eu<\/em><\/strong><\/a><\/p>\n<p><img loading=\"lazy\" decoding=\"async\" class=\"size-medium wp-image-585 aligncenter\" src=\"https:\/\/friendsofglass.com\/fr\/wp-content\/uploads\/sites\/7\/2020\/07\/close_the_glass_loop-768x448-1-300x175.png\" alt=\"\" width=\"300\" height=\"175\" srcset=\"https:\/\/friendsofglass.com\/fr\/wp-content\/uploads\/sites\/7\/2020\/07\/close_the_glass_loop-768x448-1-300x175.png 300w, https:\/\/friendsofglass.com\/fr\/wp-content\/uploads\/sites\/7\/2020\/07\/close_the_glass_loop-768x448-1.png 768w\" sizes=\"auto, (max-width: 300px) 100vw, 300px\" \/><\/p>\n<p>En pr\u00e9sentant le plan d&#8217;action, Michel Giannuzzi, pr\u00e9sident de la F\u00e9d\u00e9ration europ\u00e9enne du verre d&#8217;emballage (FEVE), a soulign\u00e9 <em>&#8220;Nous avons l&#8217;avantage de travailler avec un mat\u00e9riau qui est par nature 100% circulaire et \u00e0 l\u2019infini et qui est d\u00e9j\u00e0 un cas exemplaire en termes de d\u00e9veloppement durable. Plus nous recyclons le verre, moins nous jetons de d\u00e9chets et moins nous utilisons de ressources vierges, tout en offrant un emballage de qualit\u00e9 sup\u00e9rieure en termes de pr\u00e9servation de la qualit\u00e9, de sant\u00e9 et de s\u00e9curit\u00e9. Aujourd&#8217;hui, 76 % des emballages en verre sur le march\u00e9 de l&#8217;UE sont collect\u00e9s pour \u00eatre recycl\u00e9s, mais il reste encore beaucoup \u00e0 faire. Nous devons pleinement saisir les avantages offerts par le verre et recycler plus et mieux. Et pour ce faire, nous avons besoin de l&#8217;engagement actif de toute la cha\u00eene de valeur. Le niveau d&#8217;engagement dans &#8220;Close the Glass Loop&#8221; \u00e0 ce jour est tr\u00e8s prometteur et j&#8217;attends avec impatience l&#8217;impact positif qu&#8217;il aura au fil du temps. <\/em><\/p>\n<p>Un certain nombre de plans d&#8217;action nationaux en Autriche, en France et en Su\u00e8de ont \u00e9galement \u00e9t\u00e9 pr\u00e9sent\u00e9s, soulignant la diversit\u00e9 des approches entre les \u00c9tats membres de l&#8217;UE et insistant sur la n\u00e9cessit\u00e9 de fournir des mesures adapt\u00e9es au niveau local. Dans le m\u00eame temps, il refl\u00e8te l&#8217;importance d&#8217;une approche coordonn\u00e9e au niveau europ\u00e9en, pour \u00e9changer les meilleures pratiques afin de combler le d\u00e9ficit de collecte et d&#8217;am\u00e9liorer la qualit\u00e9 du verre recycl\u00e9 (calcin). Une plus grande disponibilit\u00e9 de calcin de bonne qualit\u00e9 signifie un processus de production plus efficace en termes de ressources, en maintenant la disponibilit\u00e9 et la qualit\u00e9 des ressources en verre recycl\u00e9 dans une logique de production en boucle ferm\u00e9e et en fournissant un mat\u00e9riau d&#8217;emballage de qualit\u00e9 sup\u00e9rieure, s\u00fbr et v\u00e9ritablement recycl\u00e9.<\/p>\n<p>La production d&#8217;emballages en verre pour les aliments, les boissons ainsi que pour le secteur des produits pharmaceutiques, de la parfumerie et des cosm\u00e9tiques avec un mat\u00e9riau permanent, r\u00e9utilisable et recyclable \u00e0 l&#8217;infini se traduit par une moindre consommation de ressources naturelles, moins de d\u00e9chets et une moindre utilisation d&#8217;\u00e9nergie, conform\u00e9ment \u00e0 l&#8217;objectif de consommation et de production durables (SDG 12). Dans le m\u00eame temps, le recyclage du verre permet directement \u00e0 l&#8217;industrie de r\u00e9duire consid\u00e9rablement la consommation d&#8217;\u00e9nergie et les \u00e9missions de CO2, conform\u00e9ment \u00e0 l&#8217;objectif d&#8217;action pour le climat (SDG 13).<\/p>\n<p><strong>De plus amples informations sur le programme &#8220;Close the Glass Loop&#8221;, ainsi que sur les plans d&#8217;action europ\u00e9ens et nationaux, sont disponibles sur le site <\/strong><a href=\"http:\/\/www.closetheglassloop.eu\"><strong><em>www.closetheglassloop.eu<\/em><\/strong><\/a><strong><em>.\u00a0 <\/em>\u00a0\u00a0<\/strong><\/p>\n<p><iframe loading=\"lazy\" title=\"Close the Glass Loop launch\" width=\"500\" height=\"281\" src=\"https:\/\/www.youtube.com\/embed\/fdyJDn49WQc?feature=oembed\" frameborder=\"0\" allow=\"accelerometer; autoplay; clipboard-write; encrypted-media; gyroscope; picture-in-picture; web-share\" referrerpolicy=\"strict-origin-when-cross-origin\" allowfullscreen><\/iframe><\/p>\n\r\n            <\/div>\r\n<\/div>","protected":false},"excerpt":{"rendered":"<p>Cette plateforme\u00a0 vise une collecte de 90% du verre d&#8217;ici 2030. L&#8217;objectif est \u00e0 la fois d&#8217;augmenter la quantit\u00e9 de verre collect\u00e9 mais aussi d&#8217;am\u00e9liorer la qualit\u00e9 du verre recycl\u00e9.<\/p>\n","protected":false},"author":1,"featured_media":588,"comment_status":"open","ping_status":"open","sticky":false,"template":"","format":"standard","meta":{"_acf_changed":false,"inline_featured_image":false,"footnotes":""},"categories":[8],"tags":[],"class_list":["post-152","post","type-post","status-publish","format-standard","has-post-thumbnail","hentry","category-environment"],"acf":[],"yoast_head":"<!-- This site is optimized with the Yoast SEO plugin v26.3 - https:\/\/yoast.com\/wordpress\/plugins\/seo\/ -->\n<title>Lancement de la plateforme &quot;Close The Glass Loop&quot; - Friends of Glass FR<\/title>\n<meta name=\"description\" content=\"Cette plateforme\u00a0 vise une collecte de 90% du verre d&#039;ici 2030. L&#039;objectif est \u00e0 la fois d&#039;augmenter la quantit\u00e9 de verre collect\u00e9 mais aussi d&#039;am\u00e9liorer la qualit\u00e9 du verre recycl\u00e9.\" \/>\n<meta name=\"robots\" content=\"index, follow, max-snippet:-1, max-image-preview:large, max-video-preview:-1\" \/>\n<link rel=\"canonical\" href=\"https:\/\/friendsofglass.com\/fr\/recits\/lancement-close-the-glass-loop\/\" \/>\n<meta property=\"og:locale\" content=\"en_US\" \/>\n<meta property=\"og:type\" content=\"article\" \/>\n<meta property=\"og:title\" content=\"Lancement de la plateforme &quot;Close The Glass Loop&quot; - Friends of Glass FR\" \/>\n<meta property=\"og:description\" content=\"Cette plateforme\u00a0 vise une collecte de 90% du verre d&#039;ici 2030. L&#039;objectif est \u00e0 la fois d&#039;augmenter la quantit\u00e9 de verre collect\u00e9 mais aussi d&#039;am\u00e9liorer la qualit\u00e9 du verre recycl\u00e9.\" \/>\n<meta property=\"og:url\" content=\"https:\/\/friendsofglass.com\/fr\/recits\/lancement-close-the-glass-loop\/\" \/>\n<meta property=\"og:site_name\" content=\"Friends of Glass FR\" \/>\n<meta property=\"article:published_time\" content=\"2020-07-10T17:14:57+00:00\" \/>\n<meta property=\"article:modified_time\" content=\"2024-09-07T15:02:19+00:00\" \/>\n<meta property=\"og:image\" content=\"https:\/\/friendsofglass.com\/fr\/wp-content\/uploads\/sites\/7\/2020\/07\/shutterstock_1997309741-conteneur-verre-scaled.jpg\" \/>\n\t<meta property=\"og:image:width\" content=\"2560\" \/>\n\t<meta property=\"og:image:height\" content=\"1707\" \/>\n\t<meta property=\"og:image:type\" content=\"image\/jpeg\" \/>\n<meta name=\"author\" content=\"admin\" \/>\n<meta name=\"twitter:card\" content=\"summary_large_image\" \/>\n<meta name=\"twitter:label1\" content=\"Written by\" \/>\n\t<meta name=\"twitter:data1\" content=\"admin\" \/>\n\t<meta name=\"twitter:label2\" content=\"Est. reading time\" \/>\n\t<meta name=\"twitter:data2\" content=\"1 minute\" \/>\n<script type=\"application\/ld+json\" class=\"yoast-schema-graph\">{\"@context\":\"https:\/\/schema.org\",\"@graph\":[{\"@type\":\"Article\",\"@id\":\"https:\/\/friendsofglass.com\/fr\/recits\/lancement-close-the-glass-loop\/#article\",\"isPartOf\":{\"@id\":\"https:\/\/friendsofglass.com\/fr\/recits\/lancement-close-the-glass-loop\/\"},\"author\":{\"name\":\"admin\",\"@id\":\"https:\/\/friendsofglass.com\/fr\/#\/schema\/person\/020c8f935e53b78218b548c299c31daf\"},\"headline\":\"Lancement de la plateforme &#8220;Close The Glass Loop&#8221;\",\"datePublished\":\"2020-07-10T17:14:57+00:00\",\"dateModified\":\"2024-09-07T15:02:19+00:00\",\"mainEntityOfPage\":{\"@id\":\"https:\/\/friendsofglass.com\/fr\/recits\/lancement-close-the-glass-loop\/\"},\"wordCount\":8,\"commentCount\":0,\"publisher\":{\"@id\":\"https:\/\/friendsofglass.com\/fr\/#organization\"},\"image\":{\"@id\":\"https:\/\/friendsofglass.com\/fr\/recits\/lancement-close-the-glass-loop\/#primaryimage\"},\"thumbnailUrl\":\"https:\/\/friendsofglass.com\/fr\/wp-content\/uploads\/sites\/7\/2020\/07\/shutterstock_1997309741-conteneur-verre-scaled.jpg\",\"articleSection\":[\"Environnement\"],\"inLanguage\":\"en-US\"},{\"@type\":\"WebPage\",\"@id\":\"https:\/\/friendsofglass.com\/fr\/recits\/lancement-close-the-glass-loop\/\",\"url\":\"https:\/\/friendsofglass.com\/fr\/recits\/lancement-close-the-glass-loop\/\",\"name\":\"Lancement de la plateforme \\\"Close The Glass Loop\\\" - Friends of Glass FR\",\"isPartOf\":{\"@id\":\"https:\/\/friendsofglass.com\/fr\/#website\"},\"primaryImageOfPage\":{\"@id\":\"https:\/\/friendsofglass.com\/fr\/recits\/lancement-close-the-glass-loop\/#primaryimage\"},\"image\":{\"@id\":\"https:\/\/friendsofglass.com\/fr\/recits\/lancement-close-the-glass-loop\/#primaryimage\"},\"thumbnailUrl\":\"https:\/\/friendsofglass.com\/fr\/wp-content\/uploads\/sites\/7\/2020\/07\/shutterstock_1997309741-conteneur-verre-scaled.jpg\",\"datePublished\":\"2020-07-10T17:14:57+00:00\",\"dateModified\":\"2024-09-07T15:02:19+00:00\",\"description\":\"Cette plateforme\u00a0 vise une collecte de 90% du verre d'ici 2030. L'objectif est \u00e0 la fois d'augmenter la quantit\u00e9 de verre collect\u00e9 mais aussi d'am\u00e9liorer la qualit\u00e9 du verre recycl\u00e9.\",\"breadcrumb\":{\"@id\":\"https:\/\/friendsofglass.com\/fr\/recits\/lancement-close-the-glass-loop\/#breadcrumb\"},\"inLanguage\":\"en-US\",\"potentialAction\":[{\"@type\":\"ReadAction\",\"target\":[\"https:\/\/friendsofglass.com\/fr\/recits\/lancement-close-the-glass-loop\/\"]}]},{\"@type\":\"ImageObject\",\"inLanguage\":\"en-US\",\"@id\":\"https:\/\/friendsofglass.com\/fr\/recits\/lancement-close-the-glass-loop\/#primaryimage\",\"url\":\"https:\/\/friendsofglass.com\/fr\/wp-content\/uploads\/sites\/7\/2020\/07\/shutterstock_1997309741-conteneur-verre-scaled.jpg\",\"contentUrl\":\"https:\/\/friendsofglass.com\/fr\/wp-content\/uploads\/sites\/7\/2020\/07\/shutterstock_1997309741-conteneur-verre-scaled.jpg\",\"width\":2560,\"height\":1707},{\"@type\":\"BreadcrumbList\",\"@id\":\"https:\/\/friendsofglass.com\/fr\/recits\/lancement-close-the-glass-loop\/#breadcrumb\",\"itemListElement\":[{\"@type\":\"ListItem\",\"position\":1,\"name\":\"Home\",\"item\":\"https:\/\/friendsofglass.com\/fr\/\"},{\"@type\":\"ListItem\",\"position\":2,\"name\":\"Lancement de la plateforme &#8220;Close The Glass Loop&#8221;\"}]},{\"@type\":\"WebSite\",\"@id\":\"https:\/\/friendsofglass.com\/fr\/#website\",\"url\":\"https:\/\/friendsofglass.com\/fr\/\",\"name\":\"Friends of Glass FR\",\"description\":\"\",\"publisher\":{\"@id\":\"https:\/\/friendsofglass.com\/fr\/#organization\"},\"potentialAction\":[{\"@type\":\"SearchAction\",\"target\":{\"@type\":\"EntryPoint\",\"urlTemplate\":\"https:\/\/friendsofglass.com\/fr\/?s={search_term_string}\"},\"query-input\":{\"@type\":\"PropertyValueSpecification\",\"valueRequired\":true,\"valueName\":\"search_term_string\"}}],\"inLanguage\":\"en-US\"},{\"@type\":\"Organization\",\"@id\":\"https:\/\/friendsofglass.com\/fr\/#organization\",\"name\":\"Friends of Glass FR\",\"url\":\"https:\/\/friendsofglass.com\/fr\/\",\"logo\":{\"@type\":\"ImageObject\",\"inLanguage\":\"en-US\",\"@id\":\"https:\/\/friendsofglass.com\/fr\/#\/schema\/logo\/image\/\",\"url\":\"https:\/\/friendsofglass.com\/fr\/wp-content\/uploads\/sites\/7\/2024\/03\/FoG_site_logo.png\",\"contentUrl\":\"https:\/\/friendsofglass.com\/fr\/wp-content\/uploads\/sites\/7\/2024\/03\/FoG_site_logo.png\",\"width\":458,\"height\":227,\"caption\":\"Friends of Glass FR\"},\"image\":{\"@id\":\"https:\/\/friendsofglass.com\/fr\/#\/schema\/logo\/image\/\"}},{\"@type\":\"Person\",\"@id\":\"https:\/\/friendsofglass.com\/fr\/#\/schema\/person\/020c8f935e53b78218b548c299c31daf\",\"name\":\"admin\",\"image\":{\"@type\":\"ImageObject\",\"inLanguage\":\"en-US\",\"@id\":\"https:\/\/friendsofglass.com\/fr\/#\/schema\/person\/image\/\",\"url\":\"https:\/\/secure.gravatar.com\/avatar\/18f4540ab295eaa8861dc39bf958c4396cf804af6a6a03b55be927c1e82d2b80?s=96&d=mm&r=g\",\"contentUrl\":\"https:\/\/secure.gravatar.com\/avatar\/18f4540ab295eaa8861dc39bf958c4396cf804af6a6a03b55be927c1e82d2b80?s=96&d=mm&r=g\",\"caption\":\"admin\"},\"sameAs\":[\"https:\/\/friendsofglass.com\/\"],\"url\":\"https:\/\/friendsofglass.com\/fr\/recits\/author\/admin\/\"}]}<\/script>\n<!-- \/ Yoast SEO plugin. -->","yoast_head_json":{"title":"Lancement de la plateforme \"Close The Glass Loop\" - Friends of Glass FR","description":"Cette plateforme\u00a0 vise une collecte de 90% du verre d'ici 2030. L'objectif est \u00e0 la fois d'augmenter la quantit\u00e9 de verre collect\u00e9 mais aussi d'am\u00e9liorer la qualit\u00e9 du verre recycl\u00e9.","robots":{"index":"index","follow":"follow","max-snippet":"max-snippet:-1","max-image-preview":"max-image-preview:large","max-video-preview":"max-video-preview:-1"},"canonical":"https:\/\/friendsofglass.com\/fr\/recits\/lancement-close-the-glass-loop\/","og_locale":"en_US","og_type":"article","og_title":"Lancement de la plateforme \"Close The Glass Loop\" - Friends of Glass FR","og_description":"Cette plateforme\u00a0 vise une collecte de 90% du verre d'ici 2030. L'objectif est \u00e0 la fois d'augmenter la quantit\u00e9 de verre collect\u00e9 mais aussi d'am\u00e9liorer la qualit\u00e9 du verre recycl\u00e9.","og_url":"https:\/\/friendsofglass.com\/fr\/recits\/lancement-close-the-glass-loop\/","og_site_name":"Friends of Glass FR","article_published_time":"2020-07-10T17:14:57+00:00","article_modified_time":"2024-09-07T15:02:19+00:00","og_image":[{"width":2560,"height":1707,"url":"https:\/\/friendsofglass.com\/fr\/wp-content\/uploads\/sites\/7\/2020\/07\/shutterstock_1997309741-conteneur-verre-scaled.jpg","type":"image\/jpeg"}],"author":"admin","twitter_card":"summary_large_image","twitter_misc":{"Written by":"admin","Est. reading time":"1 minute"},"schema":{"@context":"https:\/\/schema.org","@graph":[{"@type":"Article","@id":"https:\/\/friendsofglass.com\/fr\/recits\/lancement-close-the-glass-loop\/#article","isPartOf":{"@id":"https:\/\/friendsofglass.com\/fr\/recits\/lancement-close-the-glass-loop\/"},"author":{"name":"admin","@id":"https:\/\/friendsofglass.com\/fr\/#\/schema\/person\/020c8f935e53b78218b548c299c31daf"},"headline":"Lancement de la plateforme &#8220;Close The Glass Loop&#8221;","datePublished":"2020-07-10T17:14:57+00:00","dateModified":"2024-09-07T15:02:19+00:00","mainEntityOfPage":{"@id":"https:\/\/friendsofglass.com\/fr\/recits\/lancement-close-the-glass-loop\/"},"wordCount":8,"commentCount":0,"publisher":{"@id":"https:\/\/friendsofglass.com\/fr\/#organization"},"image":{"@id":"https:\/\/friendsofglass.com\/fr\/recits\/lancement-close-the-glass-loop\/#primaryimage"},"thumbnailUrl":"https:\/\/friendsofglass.com\/fr\/wp-content\/uploads\/sites\/7\/2020\/07\/shutterstock_1997309741-conteneur-verre-scaled.jpg","articleSection":["Environnement"],"inLanguage":"en-US"},{"@type":"WebPage","@id":"https:\/\/friendsofglass.com\/fr\/recits\/lancement-close-the-glass-loop\/","url":"https:\/\/friendsofglass.com\/fr\/recits\/lancement-close-the-glass-loop\/","name":"Lancement de la plateforme \"Close The Glass Loop\" - Friends of Glass FR","isPartOf":{"@id":"https:\/\/friendsofglass.com\/fr\/#website"},"primaryImageOfPage":{"@id":"https:\/\/friendsofglass.com\/fr\/recits\/lancement-close-the-glass-loop\/#primaryimage"},"image":{"@id":"https:\/\/friendsofglass.com\/fr\/recits\/lancement-close-the-glass-loop\/#primaryimage"},"thumbnailUrl":"https:\/\/friendsofglass.com\/fr\/wp-content\/uploads\/sites\/7\/2020\/07\/shutterstock_1997309741-conteneur-verre-scaled.jpg","datePublished":"2020-07-10T17:14:57+00:00","dateModified":"2024-09-07T15:02:19+00:00","description":"Cette plateforme\u00a0 vise une collecte de 90% du verre d'ici 2030. L'objectif est \u00e0 la fois d'augmenter la quantit\u00e9 de verre collect\u00e9 mais aussi d'am\u00e9liorer la qualit\u00e9 du verre recycl\u00e9.","breadcrumb":{"@id":"https:\/\/friendsofglass.com\/fr\/recits\/lancement-close-the-glass-loop\/#breadcrumb"},"inLanguage":"en-US","potentialAction":[{"@type":"ReadAction","target":["https:\/\/friendsofglass.com\/fr\/recits\/lancement-close-the-glass-loop\/"]}]},{"@type":"ImageObject","inLanguage":"en-US","@id":"https:\/\/friendsofglass.com\/fr\/recits\/lancement-close-the-glass-loop\/#primaryimage","url":"https:\/\/friendsofglass.com\/fr\/wp-content\/uploads\/sites\/7\/2020\/07\/shutterstock_1997309741-conteneur-verre-scaled.jpg","contentUrl":"https:\/\/friendsofglass.com\/fr\/wp-content\/uploads\/sites\/7\/2020\/07\/shutterstock_1997309741-conteneur-verre-scaled.jpg","width":2560,"height":1707},{"@type":"BreadcrumbList","@id":"https:\/\/friendsofglass.com\/fr\/recits\/lancement-close-the-glass-loop\/#breadcrumb","itemListElement":[{"@type":"ListItem","position":1,"name":"Home","item":"https:\/\/friendsofglass.com\/fr\/"},{"@type":"ListItem","position":2,"name":"Lancement de la plateforme &#8220;Close The Glass Loop&#8221;"}]},{"@type":"WebSite","@id":"https:\/\/friendsofglass.com\/fr\/#website","url":"https:\/\/friendsofglass.com\/fr\/","name":"Friends of Glass FR","description":"","publisher":{"@id":"https:\/\/friendsofglass.com\/fr\/#organization"},"potentialAction":[{"@type":"SearchAction","target":{"@type":"EntryPoint","urlTemplate":"https:\/\/friendsofglass.com\/fr\/?s={search_term_string}"},"query-input":{"@type":"PropertyValueSpecification","valueRequired":true,"valueName":"search_term_string"}}],"inLanguage":"en-US"},{"@type":"Organization","@id":"https:\/\/friendsofglass.com\/fr\/#organization","name":"Friends of Glass FR","url":"https:\/\/friendsofglass.com\/fr\/","logo":{"@type":"ImageObject","inLanguage":"en-US","@id":"https:\/\/friendsofglass.com\/fr\/#\/schema\/logo\/image\/","url":"https:\/\/friendsofglass.com\/fr\/wp-content\/uploads\/sites\/7\/2024\/03\/FoG_site_logo.png","contentUrl":"https:\/\/friendsofglass.com\/fr\/wp-content\/uploads\/sites\/7\/2024\/03\/FoG_site_logo.png","width":458,"height":227,"caption":"Friends of Glass FR"},"image":{"@id":"https:\/\/friendsofglass.com\/fr\/#\/schema\/logo\/image\/"}},{"@type":"Person","@id":"https:\/\/friendsofglass.com\/fr\/#\/schema\/person\/020c8f935e53b78218b548c299c31daf","name":"admin","image":{"@type":"ImageObject","inLanguage":"en-US","@id":"https:\/\/friendsofglass.com\/fr\/#\/schema\/person\/image\/","url":"https:\/\/secure.gravatar.com\/avatar\/18f4540ab295eaa8861dc39bf958c4396cf804af6a6a03b55be927c1e82d2b80?s=96&d=mm&r=g","contentUrl":"https:\/\/secure.gravatar.com\/avatar\/18f4540ab295eaa8861dc39bf958c4396cf804af6a6a03b55be927c1e82d2b80?s=96&d=mm&r=g","caption":"admin"},"sameAs":["https:\/\/friendsofglass.com\/"],"url":"https:\/\/friendsofglass.com\/fr\/recits\/author\/admin\/"}]}},"_links":{"self":[{"href":"https:\/\/friendsofglass.com\/fr\/wp-json\/wp\/v2\/posts\/152","targetHints":{"allow":["GET"]}}],"collection":[{"href":"https:\/\/friendsofglass.com\/fr\/wp-json\/wp\/v2\/posts"}],"about":[{"href":"https:\/\/friendsofglass.com\/fr\/wp-json\/wp\/v2\/types\/post"}],"author":[{"embeddable":true,"href":"https:\/\/friendsofglass.com\/fr\/wp-json\/wp\/v2\/users\/1"}],"replies":[{"embeddable":true,"href":"https:\/\/friendsofglass.com\/fr\/wp-json\/wp\/v2\/comments?post=152"}],"version-history":[{"count":0,"href":"https:\/\/friendsofglass.com\/fr\/wp-json\/wp\/v2\/posts\/152\/revisions"}],"wp:featuredmedia":[{"embeddable":true,"href":"https:\/\/friendsofglass.com\/fr\/wp-json\/wp\/v2\/media\/588"}],"wp:attachment":[{"href":"https:\/\/friendsofglass.com\/fr\/wp-json\/wp\/v2\/media?parent=152"}],"wp:term":[{"taxonomy":"category","embeddable":true,"href":"https:\/\/friendsofglass.com\/fr\/wp-json\/wp\/v2\/categories?post=152"},{"taxonomy":"post_tag","embeddable":true,"href":"https:\/\/friendsofglass.com\/fr\/wp-json\/wp\/v2\/tags?post=152"}],"curies":[{"name":"wp","href":"https:\/\/api.w.org\/{rel}","templated":true}]}}