{"id":757,"date":"2025-09-26T15:46:29","date_gmt":"2025-09-26T15:46:29","guid":{"rendered":"https:\/\/friendsofglass.com\/fr\/?p=757"},"modified":"2025-09-29T09:31:40","modified_gmt":"2025-09-29T09:31:40","slug":"et-si-on-adoptait-le-verre-pour-des-pique-niques-zero-dechet","status":"publish","type":"post","link":"https:\/\/friendsofglass.com\/fr\/recits\/et-si-on-adoptait-le-verre-pour-des-pique-niques-zero-dechet\/","title":{"rendered":"Et si on adoptait le verre pour des pique-niques z\u00e9ro d\u00e9chet"},"content":{"rendered":"\r\n<div  class=\"custom-rich-text-block transparent\">\r\n    <div class=\"custom-rich-text spacing-top-2 spacing-bottom-2 global-container\">\r\n        <p>L\u2019\u00e9t\u00e9 est l\u00e0, et avec lui l\u2019envie irr\u00e9sistible de s\u2019\u00e9vader en pleine nature, un panier sous le bras. Mais comment concilier plaisir des repas en plein air et respect de l\u2019environnement ? La r\u00e9ponse tient en un mot : le verre.<\/p>\n<h4>Le verre, une alternative \u00e9l\u00e9gante et durable<\/h4>\n<p>Lorsqu\u2019on parle de pique-nique, l\u2019image classique des assiettes en plastique jetables et des sacs remplis de d\u00e9chets nous vient trop souvent \u00e0 l\u2019esprit. Pourtant, il est tout \u00e0 fait possible \u2014 et m\u00eame tr\u00e8s simple \u2014 de transformer ces moments conviviaux en instants responsables, gr\u00e2ce \u00e0 quelques gestes simples.<\/p>\n<p>Le r\u00e9flexe num\u00e9ro un : <strong>les contenants r\u00e9utilisables<\/strong>. Si les bo\u00eetes en plastique (type Tupperware) font le travail, on peut aller un cran plus loin dans l&#8217;esth\u00e9tique et la durabilit\u00e9 en adoptant les <strong>bocaux en verre<\/strong>. Ces derniers ont de nombreux avantages :<\/p>\n<ul>\n<li>Ils sont <strong>r\u00e9utilisables \u00e0 l&#8217;infini<\/strong>, solides et faciles \u00e0 laver.<\/li>\n<li>Ils sont\u00a0<strong>recyclables \u00e0 100 % et \u00e0 l&#8217;infini.<\/strong><\/li>\n<li>Ils ne retiennent ni odeurs ni couleurs, contrairement au plastique.<\/li>\n<li>Ils permettent de <strong>sublimer vos pr\u00e9parations<\/strong> : imaginez une salade compos\u00e9e joliment dress\u00e9e en couches color\u00e9es dans un grand bocal transparent. C\u2019est aussi beau que bon !<\/li>\n<\/ul>\n<h4>Un pique-nique personnalis\u00e9 et sans d\u00e9chets<\/h4>\n<p>Autre atout du verre : il favorise la <strong>personnalisation<\/strong>. Chaque invit\u00e9 peut venir avec son propre bocal, rempli selon ses go\u00fbts. Salade de p\u00e2tes, quinoa aux l\u00e9gumes, taboul\u00e9, fruits d\u00e9coup\u00e9s&#8230; les options sont infinies. On peut m\u00eame y glisser des desserts maison comme une mousse au chocolat ou un tiramisu individuel.<\/p>\n<p><img loading=\"lazy\" decoding=\"async\" class=\"aligncenter wp-image-723 size-full\" src=\"https:\/\/friendsofglass.com\/fr\/wp-content\/uploads\/sites\/7\/2025\/04\/pique-nique.jpeg\" alt=\"\" width=\"600\" height=\"450\" srcset=\"https:\/\/friendsofglass.com\/fr\/wp-content\/uploads\/sites\/7\/2025\/04\/pique-nique.jpeg 600w, https:\/\/friendsofglass.com\/fr\/wp-content\/uploads\/sites\/7\/2025\/04\/pique-nique-300x225.jpeg 300w\" sizes=\"auto, (max-width: 600px) 100vw, 600px\" \/><\/p>\n<p>Plus besoin d\u2019acheter de vaisselle jetable ou de produits suremball\u00e9s. Le verre permet de tout pr\u00e9parer \u00e0 l\u2019avance, de transporter facilement ses plats, et de repartir sans laisser de traces dans la nature.<\/p>\n<h4>Et c\u00f4t\u00e9 style ?<\/h4>\n<ul>\n<li>Soyons honn\u00eates : un pique-nique z\u00e9ro d\u00e9chet, c\u2019est aussi un <strong>pique-nique styl\u00e9<\/strong>. Le verre apporte une touche chic et authentique \u00e0 vos repas champ\u00eatres. Disposez vos bocaux dans un joli panier en osier, ajoutez quelques serviettes en tissu, et le tour est jou\u00e9.<\/li>\n<\/ul>\n<h3>\ud83c\udf31 En r\u00e9sum\u00e9 :<\/h3>\n<p>Opter pour le verre lors de vos pique-niques, c\u2019est :<\/p>\n<p>\u2705 R\u00e9duire les d\u00e9chets<br \/>\n\u2705 Faire un geste pour la plan\u00e8te<br \/>\n\u2705 Ajouter une touche esth\u00e9tique \u00e0 vos repas<br \/>\n\u2705 Miser sur la durabilit\u00e9 et la sant\u00e9<\/p>\n<p>Alors, pour vos prochaines sorties en plein air, laissez tomber le plastique et faites place au verre. Votre pique-nique n\u2019en sera que plus savoureux \u2014 et responsable.<\/p>\n\r\n            <\/div>\r\n<\/div>","protected":false},"excerpt":{"rendered":"<p>Le verre est l&#8217;emballage parfait&#8230; m\u00eame pour le pique-nique. D\u00e9couvrez nos astuces !<\/p>\n","protected":false},"author":15,"featured_media":722,"comment_status":"closed","ping_status":"open","sticky":false,"template":"","format":"standard","meta":{"_acf_changed":true,"inline_featured_image":false,"footnotes":""},"categories":[2],"tags":[],"class_list":["post-757","post","type-post","status-publish","format-standard","has-post-thumbnail","hentry","category-experience"],"acf":[],"yoast_head":"<!-- This site is optimized with the Yoast SEO plugin v26.3 - https:\/\/yoast.com\/wordpress\/plugins\/seo\/ -->\n<title>Et si on adoptait le verre pour des pique-niques z\u00e9ro d\u00e9chet - Friends of Glass FR<\/title>\n<meta name=\"description\" content=\"Le verre est l&#039;emballage parfait... m\u00eame pour le pique-nique. D\u00e9couvrez nos astuces !\" \/>\n<meta name=\"robots\" content=\"index, follow, max-snippet:-1, max-image-preview:large, max-video-preview:-1\" \/>\n<link rel=\"canonical\" href=\"https:\/\/friendsofglass.com\/fr\/recits\/et-si-on-adoptait-le-verre-pour-des-pique-niques-zero-dechet\/\" \/>\n<meta property=\"og:locale\" content=\"en_US\" \/>\n<meta property=\"og:type\" content=\"article\" \/>\n<meta property=\"og:title\" content=\"Et si on adoptait le verre pour des pique-niques z\u00e9ro d\u00e9chet - Friends of Glass FR\" \/>\n<meta property=\"og:description\" content=\"Le verre est l&#039;emballage parfait... m\u00eame pour le pique-nique. D\u00e9couvrez nos astuces !\" \/>\n<meta property=\"og:url\" content=\"https:\/\/friendsofglass.com\/fr\/recits\/et-si-on-adoptait-le-verre-pour-des-pique-niques-zero-dechet\/\" \/>\n<meta property=\"og:site_name\" content=\"Friends of Glass FR\" \/>\n<meta property=\"article:published_time\" content=\"2025-09-26T15:46:29+00:00\" \/>\n<meta property=\"article:modified_time\" content=\"2025-09-29T09:31:40+00:00\" \/>\n<meta property=\"og:image\" content=\"https:\/\/friendsofglass.com\/fr\/wp-content\/uploads\/sites\/7\/2025\/04\/verre-pique-nique.jpg\" \/>\n\t<meta property=\"og:image:width\" content=\"1200\" \/>\n\t<meta property=\"og:image:height\" content=\"1200\" \/>\n\t<meta property=\"og:image:type\" content=\"image\/jpeg\" \/>\n<meta name=\"author\" content=\"fogfrance\" \/>\n<meta name=\"twitter:card\" content=\"summary_large_image\" \/>\n<meta name=\"twitter:label1\" content=\"Written by\" \/>\n\t<meta name=\"twitter:data1\" content=\"fogfrance\" \/>\n\t<meta name=\"twitter:label2\" content=\"Est. reading time\" \/>\n\t<meta name=\"twitter:data2\" content=\"1 minute\" \/>\n<script type=\"application\/ld+json\" class=\"yoast-schema-graph\">{\"@context\":\"https:\/\/schema.org\",\"@graph\":[{\"@type\":\"Article\",\"@id\":\"https:\/\/friendsofglass.com\/fr\/recits\/et-si-on-adoptait-le-verre-pour-des-pique-niques-zero-dechet\/#article\",\"isPartOf\":{\"@id\":\"https:\/\/friendsofglass.com\/fr\/recits\/et-si-on-adoptait-le-verre-pour-des-pique-niques-zero-dechet\/\"},\"author\":{\"name\":\"fogfrance\",\"@id\":\"https:\/\/friendsofglass.com\/fr\/#\/schema\/person\/b0643524cce15416d46ef129cba7574c\"},\"headline\":\"Et si on adoptait le verre pour des pique-niques z\u00e9ro d\u00e9chet\",\"datePublished\":\"2025-09-26T15:46:29+00:00\",\"dateModified\":\"2025-09-29T09:31:40+00:00\",\"mainEntityOfPage\":{\"@id\":\"https:\/\/friendsofglass.com\/fr\/recits\/et-si-on-adoptait-le-verre-pour-des-pique-niques-zero-dechet\/\"},\"wordCount\":13,\"publisher\":{\"@id\":\"https:\/\/friendsofglass.com\/fr\/#organization\"},\"image\":{\"@id\":\"https:\/\/friendsofglass.com\/fr\/recits\/et-si-on-adoptait-le-verre-pour-des-pique-niques-zero-dechet\/#primaryimage\"},\"thumbnailUrl\":\"https:\/\/friendsofglass.com\/fr\/wp-content\/uploads\/sites\/7\/2025\/04\/verre-pique-nique.jpg\",\"articleSection\":[\"Exp\u00e9rience\"],\"inLanguage\":\"en-US\"},{\"@type\":\"WebPage\",\"@id\":\"https:\/\/friendsofglass.com\/fr\/recits\/et-si-on-adoptait-le-verre-pour-des-pique-niques-zero-dechet\/\",\"url\":\"https:\/\/friendsofglass.com\/fr\/recits\/et-si-on-adoptait-le-verre-pour-des-pique-niques-zero-dechet\/\",\"name\":\"Et si on adoptait le verre pour des pique-niques z\u00e9ro d\u00e9chet - Friends of Glass FR\",\"isPartOf\":{\"@id\":\"https:\/\/friendsofglass.com\/fr\/#website\"},\"primaryImageOfPage\":{\"@id\":\"https:\/\/friendsofglass.com\/fr\/recits\/et-si-on-adoptait-le-verre-pour-des-pique-niques-zero-dechet\/#primaryimage\"},\"image\":{\"@id\":\"https:\/\/friendsofglass.com\/fr\/recits\/et-si-on-adoptait-le-verre-pour-des-pique-niques-zero-dechet\/#primaryimage\"},\"thumbnailUrl\":\"https:\/\/friendsofglass.com\/fr\/wp-content\/uploads\/sites\/7\/2025\/04\/verre-pique-nique.jpg\",\"datePublished\":\"2025-09-26T15:46:29+00:00\",\"dateModified\":\"2025-09-29T09:31:40+00:00\",\"description\":\"Le verre est l'emballage parfait... m\u00eame pour le pique-nique. D\u00e9couvrez nos astuces !\",\"breadcrumb\":{\"@id\":\"https:\/\/friendsofglass.com\/fr\/recits\/et-si-on-adoptait-le-verre-pour-des-pique-niques-zero-dechet\/#breadcrumb\"},\"inLanguage\":\"en-US\",\"potentialAction\":[{\"@type\":\"ReadAction\",\"target\":[\"https:\/\/friendsofglass.com\/fr\/recits\/et-si-on-adoptait-le-verre-pour-des-pique-niques-zero-dechet\/\"]}]},{\"@type\":\"ImageObject\",\"inLanguage\":\"en-US\",\"@id\":\"https:\/\/friendsofglass.com\/fr\/recits\/et-si-on-adoptait-le-verre-pour-des-pique-niques-zero-dechet\/#primaryimage\",\"url\":\"https:\/\/friendsofglass.com\/fr\/wp-content\/uploads\/sites\/7\/2025\/04\/verre-pique-nique.jpg\",\"contentUrl\":\"https:\/\/friendsofglass.com\/fr\/wp-content\/uploads\/sites\/7\/2025\/04\/verre-pique-nique.jpg\",\"width\":1200,\"height\":1200},{\"@type\":\"BreadcrumbList\",\"@id\":\"https:\/\/friendsofglass.com\/fr\/recits\/et-si-on-adoptait-le-verre-pour-des-pique-niques-zero-dechet\/#breadcrumb\",\"itemListElement\":[{\"@type\":\"ListItem\",\"position\":1,\"name\":\"Home\",\"item\":\"https:\/\/friendsofglass.com\/fr\/\"},{\"@type\":\"ListItem\",\"position\":2,\"name\":\"Et si on adoptait le verre pour des pique-niques z\u00e9ro d\u00e9chet\"}]},{\"@type\":\"WebSite\",\"@id\":\"https:\/\/friendsofglass.com\/fr\/#website\",\"url\":\"https:\/\/friendsofglass.com\/fr\/\",\"name\":\"Friends of Glass FR\",\"description\":\"\",\"publisher\":{\"@id\":\"https:\/\/friendsofglass.com\/fr\/#organization\"},\"potentialAction\":[{\"@type\":\"SearchAction\",\"target\":{\"@type\":\"EntryPoint\",\"urlTemplate\":\"https:\/\/friendsofglass.com\/fr\/?s={search_term_string}\"},\"query-input\":{\"@type\":\"PropertyValueSpecification\",\"valueRequired\":true,\"valueName\":\"search_term_string\"}}],\"inLanguage\":\"en-US\"},{\"@type\":\"Organization\",\"@id\":\"https:\/\/friendsofglass.com\/fr\/#organization\",\"name\":\"Friends of Glass FR\",\"url\":\"https:\/\/friendsofglass.com\/fr\/\",\"logo\":{\"@type\":\"ImageObject\",\"inLanguage\":\"en-US\",\"@id\":\"https:\/\/friendsofglass.com\/fr\/#\/schema\/logo\/image\/\",\"url\":\"https:\/\/friendsofglass.com\/fr\/wp-content\/uploads\/sites\/7\/2024\/03\/FoG_site_logo.png\",\"contentUrl\":\"https:\/\/friendsofglass.com\/fr\/wp-content\/uploads\/sites\/7\/2024\/03\/FoG_site_logo.png\",\"width\":458,\"height\":227,\"caption\":\"Friends of Glass FR\"},\"image\":{\"@id\":\"https:\/\/friendsofglass.com\/fr\/#\/schema\/logo\/image\/\"}},{\"@type\":\"Person\",\"@id\":\"https:\/\/friendsofglass.com\/fr\/#\/schema\/person\/b0643524cce15416d46ef129cba7574c\",\"name\":\"fogfrance\",\"image\":{\"@type\":\"ImageObject\",\"inLanguage\":\"en-US\",\"@id\":\"https:\/\/friendsofglass.com\/fr\/#\/schema\/person\/image\/\",\"url\":\"https:\/\/secure.gravatar.com\/avatar\/e15cd29154473821cb3d6d96ac97b2c2bf71f364295fd1cc42520aff72f7d782?s=96&d=mm&r=g\",\"contentUrl\":\"https:\/\/secure.gravatar.com\/avatar\/e15cd29154473821cb3d6d96ac97b2c2bf71f364295fd1cc42520aff72f7d782?s=96&d=mm&r=g\",\"caption\":\"fogfrance\"},\"url\":\"https:\/\/friendsofglass.com\/fr\/recits\/author\/fogfrance\/\"}]}<\/script>\n<!-- \/ Yoast SEO plugin. -->","yoast_head_json":{"title":"Et si on adoptait le verre pour des pique-niques z\u00e9ro d\u00e9chet - Friends of Glass FR","description":"Le verre est l'emballage parfait... m\u00eame pour le pique-nique. D\u00e9couvrez nos astuces !","robots":{"index":"index","follow":"follow","max-snippet":"max-snippet:-1","max-image-preview":"max-image-preview:large","max-video-preview":"max-video-preview:-1"},"canonical":"https:\/\/friendsofglass.com\/fr\/recits\/et-si-on-adoptait-le-verre-pour-des-pique-niques-zero-dechet\/","og_locale":"en_US","og_type":"article","og_title":"Et si on adoptait le verre pour des pique-niques z\u00e9ro d\u00e9chet - Friends of Glass FR","og_description":"Le verre est l'emballage parfait... m\u00eame pour le pique-nique. D\u00e9couvrez nos astuces !","og_url":"https:\/\/friendsofglass.com\/fr\/recits\/et-si-on-adoptait-le-verre-pour-des-pique-niques-zero-dechet\/","og_site_name":"Friends of Glass FR","article_published_time":"2025-09-26T15:46:29+00:00","article_modified_time":"2025-09-29T09:31:40+00:00","og_image":[{"width":1200,"height":1200,"url":"https:\/\/friendsofglass.com\/fr\/wp-content\/uploads\/sites\/7\/2025\/04\/verre-pique-nique.jpg","type":"image\/jpeg"}],"author":"fogfrance","twitter_card":"summary_large_image","twitter_misc":{"Written by":"fogfrance","Est. reading time":"1 minute"},"schema":{"@context":"https:\/\/schema.org","@graph":[{"@type":"Article","@id":"https:\/\/friendsofglass.com\/fr\/recits\/et-si-on-adoptait-le-verre-pour-des-pique-niques-zero-dechet\/#article","isPartOf":{"@id":"https:\/\/friendsofglass.com\/fr\/recits\/et-si-on-adoptait-le-verre-pour-des-pique-niques-zero-dechet\/"},"author":{"name":"fogfrance","@id":"https:\/\/friendsofglass.com\/fr\/#\/schema\/person\/b0643524cce15416d46ef129cba7574c"},"headline":"Et si on adoptait le verre pour des pique-niques z\u00e9ro d\u00e9chet","datePublished":"2025-09-26T15:46:29+00:00","dateModified":"2025-09-29T09:31:40+00:00","mainEntityOfPage":{"@id":"https:\/\/friendsofglass.com\/fr\/recits\/et-si-on-adoptait-le-verre-pour-des-pique-niques-zero-dechet\/"},"wordCount":13,"publisher":{"@id":"https:\/\/friendsofglass.com\/fr\/#organization"},"image":{"@id":"https:\/\/friendsofglass.com\/fr\/recits\/et-si-on-adoptait-le-verre-pour-des-pique-niques-zero-dechet\/#primaryimage"},"thumbnailUrl":"https:\/\/friendsofglass.com\/fr\/wp-content\/uploads\/sites\/7\/2025\/04\/verre-pique-nique.jpg","articleSection":["Exp\u00e9rience"],"inLanguage":"en-US"},{"@type":"WebPage","@id":"https:\/\/friendsofglass.com\/fr\/recits\/et-si-on-adoptait-le-verre-pour-des-pique-niques-zero-dechet\/","url":"https:\/\/friendsofglass.com\/fr\/recits\/et-si-on-adoptait-le-verre-pour-des-pique-niques-zero-dechet\/","name":"Et si on adoptait le verre pour des pique-niques z\u00e9ro d\u00e9chet - Friends of Glass FR","isPartOf":{"@id":"https:\/\/friendsofglass.com\/fr\/#website"},"primaryImageOfPage":{"@id":"https:\/\/friendsofglass.com\/fr\/recits\/et-si-on-adoptait-le-verre-pour-des-pique-niques-zero-dechet\/#primaryimage"},"image":{"@id":"https:\/\/friendsofglass.com\/fr\/recits\/et-si-on-adoptait-le-verre-pour-des-pique-niques-zero-dechet\/#primaryimage"},"thumbnailUrl":"https:\/\/friendsofglass.com\/fr\/wp-content\/uploads\/sites\/7\/2025\/04\/verre-pique-nique.jpg","datePublished":"2025-09-26T15:46:29+00:00","dateModified":"2025-09-29T09:31:40+00:00","description":"Le verre est l'emballage parfait... m\u00eame pour le pique-nique. D\u00e9couvrez nos astuces !","breadcrumb":{"@id":"https:\/\/friendsofglass.com\/fr\/recits\/et-si-on-adoptait-le-verre-pour-des-pique-niques-zero-dechet\/#breadcrumb"},"inLanguage":"en-US","potentialAction":[{"@type":"ReadAction","target":["https:\/\/friendsofglass.com\/fr\/recits\/et-si-on-adoptait-le-verre-pour-des-pique-niques-zero-dechet\/"]}]},{"@type":"ImageObject","inLanguage":"en-US","@id":"https:\/\/friendsofglass.com\/fr\/recits\/et-si-on-adoptait-le-verre-pour-des-pique-niques-zero-dechet\/#primaryimage","url":"https:\/\/friendsofglass.com\/fr\/wp-content\/uploads\/sites\/7\/2025\/04\/verre-pique-nique.jpg","contentUrl":"https:\/\/friendsofglass.com\/fr\/wp-content\/uploads\/sites\/7\/2025\/04\/verre-pique-nique.jpg","width":1200,"height":1200},{"@type":"BreadcrumbList","@id":"https:\/\/friendsofglass.com\/fr\/recits\/et-si-on-adoptait-le-verre-pour-des-pique-niques-zero-dechet\/#breadcrumb","itemListElement":[{"@type":"ListItem","position":1,"name":"Home","item":"https:\/\/friendsofglass.com\/fr\/"},{"@type":"ListItem","position":2,"name":"Et si on adoptait le verre pour des pique-niques z\u00e9ro d\u00e9chet"}]},{"@type":"WebSite","@id":"https:\/\/friendsofglass.com\/fr\/#website","url":"https:\/\/friendsofglass.com\/fr\/","name":"Friends of Glass FR","description":"","publisher":{"@id":"https:\/\/friendsofglass.com\/fr\/#organization"},"potentialAction":[{"@type":"SearchAction","target":{"@type":"EntryPoint","urlTemplate":"https:\/\/friendsofglass.com\/fr\/?s={search_term_string}"},"query-input":{"@type":"PropertyValueSpecification","valueRequired":true,"valueName":"search_term_string"}}],"inLanguage":"en-US"},{"@type":"Organization","@id":"https:\/\/friendsofglass.com\/fr\/#organization","name":"Friends of Glass FR","url":"https:\/\/friendsofglass.com\/fr\/","logo":{"@type":"ImageObject","inLanguage":"en-US","@id":"https:\/\/friendsofglass.com\/fr\/#\/schema\/logo\/image\/","url":"https:\/\/friendsofglass.com\/fr\/wp-content\/uploads\/sites\/7\/2024\/03\/FoG_site_logo.png","contentUrl":"https:\/\/friendsofglass.com\/fr\/wp-content\/uploads\/sites\/7\/2024\/03\/FoG_site_logo.png","width":458,"height":227,"caption":"Friends of Glass FR"},"image":{"@id":"https:\/\/friendsofglass.com\/fr\/#\/schema\/logo\/image\/"}},{"@type":"Person","@id":"https:\/\/friendsofglass.com\/fr\/#\/schema\/person\/b0643524cce15416d46ef129cba7574c","name":"fogfrance","image":{"@type":"ImageObject","inLanguage":"en-US","@id":"https:\/\/friendsofglass.com\/fr\/#\/schema\/person\/image\/","url":"https:\/\/secure.gravatar.com\/avatar\/e15cd29154473821cb3d6d96ac97b2c2bf71f364295fd1cc42520aff72f7d782?s=96&d=mm&r=g","contentUrl":"https:\/\/secure.gravatar.com\/avatar\/e15cd29154473821cb3d6d96ac97b2c2bf71f364295fd1cc42520aff72f7d782?s=96&d=mm&r=g","caption":"fogfrance"},"url":"https:\/\/friendsofglass.com\/fr\/recits\/author\/fogfrance\/"}]}},"_links":{"self":[{"href":"https:\/\/friendsofglass.com\/fr\/wp-json\/wp\/v2\/posts\/757","targetHints":{"allow":["GET"]}}],"collection":[{"href":"https:\/\/friendsofglass.com\/fr\/wp-json\/wp\/v2\/posts"}],"about":[{"href":"https:\/\/friendsofglass.com\/fr\/wp-json\/wp\/v2\/types\/post"}],"author":[{"embeddable":true,"href":"https:\/\/friendsofglass.com\/fr\/wp-json\/wp\/v2\/users\/15"}],"replies":[{"embeddable":true,"href":"https:\/\/friendsofglass.com\/fr\/wp-json\/wp\/v2\/comments?post=757"}],"version-history":[{"count":0,"href":"https:\/\/friendsofglass.com\/fr\/wp-json\/wp\/v2\/posts\/757\/revisions"}],"wp:featuredmedia":[{"embeddable":true,"href":"https:\/\/friendsofglass.com\/fr\/wp-json\/wp\/v2\/media\/722"}],"wp:attachment":[{"href":"https:\/\/friendsofglass.com\/fr\/wp-json\/wp\/v2\/media?parent=757"}],"wp:term":[{"taxonomy":"category","embeddable":true,"href":"https:\/\/friendsofglass.com\/fr\/wp-json\/wp\/v2\/categories?post=757"},{"taxonomy":"post_tag","embeddable":true,"href":"https:\/\/friendsofglass.com\/fr\/wp-json\/wp\/v2\/tags?post=757"}],"curies":[{"name":"wp","href":"https:\/\/api.w.org\/{rel}","templated":true}]}}