{"id":134,"date":"2018-01-04T11:54:53","date_gmt":"2018-01-04T11:54:53","guid":{"rendered":"https:\/\/www.friendsofglass.com\/it\/design-it\/il-vetro-anima-il-natale\/1"},"modified":"2024-08-23T23:31:37","modified_gmt":"2024-08-23T23:31:37","slug":"il-vetro-anima-il-natale","status":"publish","type":"post","link":"https:\/\/friendsofglass.com\/it\/storie\/il-vetro-anima-il-natale\/","title":{"rendered":"Il vetro anima il Natale!"},"content":{"rendered":"\r\n<div  class=\"custom-rich-text-block transparent\">\r\n    <div class=\"custom-rich-text spacing-top-2 spacing-bottom-2 global-container\">\r\n        <p>Siete alla ricerca di qualche decorazione che renda queste ultime serate di vacanza ancor pi\u00f9 magiche? Il vetro pu\u00f2 fornirvi qualche spunto originale affinch\u00e9 otteniate delle decorazioni allo stesso tempo sostenibili e dal gusto poetico. Basta un po\u2019 di fantasia e potrete ottenere dei favolosi portacandele, vasi decorativi, lanterne ecc. I barattoli di vetro si prestano a essere utilizzati nei modi pi\u00f9 svariati<\/p>\n<p>Avete intenzione di realizzare dei portacandele per quei momenti da trascorrere insieme alla famiglia e ai parenti, scambiandosi auguri e regali sotto l\u2019albero di Natale? Tutto molto semplice: sistemate le candele all\u2019interno di barattoli di vetro opportunamente decorati con fiocchi colorati e rametti di pino. Se volete ottenere un risultato ancora pi\u00f9 d\u2019effetto, riempite i\u00a0barattoli di vetro\u00a0con dell\u2019acqua e inserite delle candele galleggianti.<\/p>\n<p>Non sapete come decorare le vostre tavole in occasione dei pranzi o delle cene natalizie? Per creare un centrotavola in stile country decorate i vasi di vetro con rametti di pino e bacche rosse. Sistemateli in fila, uno accanto all\u2019altro e il gioco \u00e8 fatto. Se amate le decorazioni natalizie dal sapore nordico potrete trasformare i barattoli di vetro in piccole lanterne dalla luce soffusa, accuratamente decorate con rametti di legno, pigne e campanellini bianchi.<\/p>\n<p>Qualsiasi la decorazione da voi scelta non dimenticate il nostro motto: <strong>Scegli il vetro, ricicla il vetro, ama il vetro!<\/strong><\/p>\n<p><a href=\"https:\/\/www.friendsofglass.com\/wp-content\/uploads\/barattoli-1.jpg\"><img loading=\"lazy\" decoding=\"async\" class=\"alignnone size-medium wp-image-8223\" src=\"https:\/\/www.friendsofglass.com\/wp-content\/uploads\/barattoli-1-300x223.jpg\" alt=\"\" width=\"300\" height=\"223\" \/><\/a> <a href=\"https:\/\/www.friendsofglass.com\/wp-content\/uploads\/barattoli2-1.jpg\"><img loading=\"lazy\" decoding=\"async\" class=\"alignnone size-medium wp-image-8224\" src=\"https:\/\/www.friendsofglass.com\/wp-content\/uploads\/barattoli2-1-300x199.jpg\" alt=\"\" width=\"300\" height=\"199\" \/><\/a><\/p>\n\r\n            <\/div>\r\n<\/div>","protected":false},"excerpt":{"rendered":"<p>Il vetro e le sue qualit\u00e0 si rivelano fondamentali nelle nostre tavole imbandite<\/p>\n","protected":false},"author":1,"featured_media":567,"comment_status":"open","ping_status":"open","sticky":false,"template":"","format":"standard","meta":{"_acf_changed":false,"inline_featured_image":false,"footnotes":""},"categories":[3],"tags":[],"class_list":["post-134","post","type-post","status-publish","format-standard","has-post-thumbnail","hentry","category-experience"],"acf":[],"yoast_head":"<!-- This site is optimized with the Yoast SEO plugin v26.3 - https:\/\/yoast.com\/wordpress\/plugins\/seo\/ -->\n<title>Il vetro anima il Natale! - Friends of Glass IT<\/title>\n<meta name=\"description\" content=\"Il vetro e le sue qualit\u00e0 si rivelano fondamentali nelle nostre tavole imbandite\" \/>\n<meta name=\"robots\" content=\"index, follow, max-snippet:-1, max-image-preview:large, max-video-preview:-1\" \/>\n<link rel=\"canonical\" href=\"https:\/\/friendsofglass.com\/it\/storie\/il-vetro-anima-il-natale\/\" \/>\n<meta property=\"og:locale\" content=\"en_US\" \/>\n<meta property=\"og:type\" content=\"article\" \/>\n<meta property=\"og:title\" content=\"Il vetro anima il Natale! - Friends of Glass IT\" \/>\n<meta property=\"og:description\" content=\"Il vetro e le sue qualit\u00e0 si rivelano fondamentali nelle nostre tavole imbandite\" \/>\n<meta property=\"og:url\" content=\"https:\/\/friendsofglass.com\/it\/storie\/il-vetro-anima-il-natale\/\" \/>\n<meta property=\"og:site_name\" content=\"Friends of Glass IT\" \/>\n<meta property=\"article:published_time\" content=\"2018-01-04T11:54:53+00:00\" \/>\n<meta property=\"article:modified_time\" content=\"2024-08-23T23:31:37+00:00\" \/>\n<meta property=\"og:image\" content=\"https:\/\/friendsofglass.com\/it\/wp-content\/uploads\/sites\/8\/2024\/07\/experience-banner.png\" \/>\n\t<meta property=\"og:image:width\" content=\"1440\" \/>\n\t<meta property=\"og:image:height\" content=\"800\" \/>\n\t<meta property=\"og:image:type\" content=\"image\/png\" \/>\n<meta name=\"author\" content=\"admin\" \/>\n<meta name=\"twitter:card\" content=\"summary_large_image\" \/>\n<meta name=\"twitter:label1\" content=\"Written by\" \/>\n\t<meta name=\"twitter:data1\" content=\"admin\" \/>\n\t<meta name=\"twitter:label2\" content=\"Est. reading time\" \/>\n\t<meta name=\"twitter:data2\" content=\"1 minute\" \/>\n<script type=\"application\/ld+json\" class=\"yoast-schema-graph\">{\"@context\":\"https:\/\/schema.org\",\"@graph\":[{\"@type\":\"Article\",\"@id\":\"https:\/\/friendsofglass.com\/it\/storie\/il-vetro-anima-il-natale\/#article\",\"isPartOf\":{\"@id\":\"https:\/\/friendsofglass.com\/it\/storie\/il-vetro-anima-il-natale\/\"},\"author\":{\"name\":\"admin\",\"@id\":\"https:\/\/friendsofglass.com\/it\/#\/schema\/person\/020c8f935e53b78218b548c299c31daf\"},\"headline\":\"Il vetro anima il Natale!\",\"datePublished\":\"2018-01-04T11:54:53+00:00\",\"dateModified\":\"2024-08-23T23:31:37+00:00\",\"mainEntityOfPage\":{\"@id\":\"https:\/\/friendsofglass.com\/it\/storie\/il-vetro-anima-il-natale\/\"},\"wordCount\":5,\"commentCount\":0,\"publisher\":{\"@id\":\"https:\/\/friendsofglass.com\/it\/#organization\"},\"image\":{\"@id\":\"https:\/\/friendsofglass.com\/it\/storie\/il-vetro-anima-il-natale\/#primaryimage\"},\"thumbnailUrl\":\"https:\/\/friendsofglass.com\/it\/wp-content\/uploads\/sites\/8\/2024\/07\/experience-banner.png\",\"articleSection\":[\"Esperienze\"],\"inLanguage\":\"en-US\"},{\"@type\":\"WebPage\",\"@id\":\"https:\/\/friendsofglass.com\/it\/storie\/il-vetro-anima-il-natale\/\",\"url\":\"https:\/\/friendsofglass.com\/it\/storie\/il-vetro-anima-il-natale\/\",\"name\":\"Il vetro anima il Natale! - Friends of Glass IT\",\"isPartOf\":{\"@id\":\"https:\/\/friendsofglass.com\/it\/#website\"},\"primaryImageOfPage\":{\"@id\":\"https:\/\/friendsofglass.com\/it\/storie\/il-vetro-anima-il-natale\/#primaryimage\"},\"image\":{\"@id\":\"https:\/\/friendsofglass.com\/it\/storie\/il-vetro-anima-il-natale\/#primaryimage\"},\"thumbnailUrl\":\"https:\/\/friendsofglass.com\/it\/wp-content\/uploads\/sites\/8\/2024\/07\/experience-banner.png\",\"datePublished\":\"2018-01-04T11:54:53+00:00\",\"dateModified\":\"2024-08-23T23:31:37+00:00\",\"description\":\"Il vetro e le sue qualit\u00e0 si rivelano fondamentali nelle nostre tavole imbandite\",\"breadcrumb\":{\"@id\":\"https:\/\/friendsofglass.com\/it\/storie\/il-vetro-anima-il-natale\/#breadcrumb\"},\"inLanguage\":\"en-US\",\"potentialAction\":[{\"@type\":\"ReadAction\",\"target\":[\"https:\/\/friendsofglass.com\/it\/storie\/il-vetro-anima-il-natale\/\"]}]},{\"@type\":\"ImageObject\",\"inLanguage\":\"en-US\",\"@id\":\"https:\/\/friendsofglass.com\/it\/storie\/il-vetro-anima-il-natale\/#primaryimage\",\"url\":\"https:\/\/friendsofglass.com\/it\/wp-content\/uploads\/sites\/8\/2024\/07\/experience-banner.png\",\"contentUrl\":\"https:\/\/friendsofglass.com\/it\/wp-content\/uploads\/sites\/8\/2024\/07\/experience-banner.png\",\"width\":1440,\"height\":800},{\"@type\":\"BreadcrumbList\",\"@id\":\"https:\/\/friendsofglass.com\/it\/storie\/il-vetro-anima-il-natale\/#breadcrumb\",\"itemListElement\":[{\"@type\":\"ListItem\",\"position\":1,\"name\":\"Home\",\"item\":\"https:\/\/friendsofglass.com\/it\/\"},{\"@type\":\"ListItem\",\"position\":2,\"name\":\"Il vetro anima il Natale!\"}]},{\"@type\":\"WebSite\",\"@id\":\"https:\/\/friendsofglass.com\/it\/#website\",\"url\":\"https:\/\/friendsofglass.com\/it\/\",\"name\":\"Friends of Glass IT\",\"description\":\"\",\"publisher\":{\"@id\":\"https:\/\/friendsofglass.com\/it\/#organization\"},\"potentialAction\":[{\"@type\":\"SearchAction\",\"target\":{\"@type\":\"EntryPoint\",\"urlTemplate\":\"https:\/\/friendsofglass.com\/it\/?s={search_term_string}\"},\"query-input\":{\"@type\":\"PropertyValueSpecification\",\"valueRequired\":true,\"valueName\":\"search_term_string\"}}],\"inLanguage\":\"en-US\"},{\"@type\":\"Organization\",\"@id\":\"https:\/\/friendsofglass.com\/it\/#organization\",\"name\":\"Friends of Glass IT\",\"url\":\"https:\/\/friendsofglass.com\/it\/\",\"logo\":{\"@type\":\"ImageObject\",\"inLanguage\":\"en-US\",\"@id\":\"https:\/\/friendsofglass.com\/it\/#\/schema\/logo\/image\/\",\"url\":\"https:\/\/friendsofglass.com\/it\/wp-content\/uploads\/sites\/8\/2024\/03\/FoG_site_logo.png\",\"contentUrl\":\"https:\/\/friendsofglass.com\/it\/wp-content\/uploads\/sites\/8\/2024\/03\/FoG_site_logo.png\",\"width\":458,\"height\":227,\"caption\":\"Friends of Glass IT\"},\"image\":{\"@id\":\"https:\/\/friendsofglass.com\/it\/#\/schema\/logo\/image\/\"}},{\"@type\":\"Person\",\"@id\":\"https:\/\/friendsofglass.com\/it\/#\/schema\/person\/020c8f935e53b78218b548c299c31daf\",\"name\":\"admin\",\"image\":{\"@type\":\"ImageObject\",\"inLanguage\":\"en-US\",\"@id\":\"https:\/\/friendsofglass.com\/it\/#\/schema\/person\/image\/\",\"url\":\"https:\/\/secure.gravatar.com\/avatar\/18f4540ab295eaa8861dc39bf958c4396cf804af6a6a03b55be927c1e82d2b80?s=96&d=mm&r=g\",\"contentUrl\":\"https:\/\/secure.gravatar.com\/avatar\/18f4540ab295eaa8861dc39bf958c4396cf804af6a6a03b55be927c1e82d2b80?s=96&d=mm&r=g\",\"caption\":\"admin\"},\"sameAs\":[\"https:\/\/friendsofglass.com\/\"],\"url\":\"https:\/\/friendsofglass.com\/it\/storie\/author\/admin\/\"}]}<\/script>\n<!-- \/ Yoast SEO plugin. -->","yoast_head_json":{"title":"Il vetro anima il Natale! - Friends of Glass IT","description":"Il vetro e le sue qualit\u00e0 si rivelano fondamentali nelle nostre tavole imbandite","robots":{"index":"index","follow":"follow","max-snippet":"max-snippet:-1","max-image-preview":"max-image-preview:large","max-video-preview":"max-video-preview:-1"},"canonical":"https:\/\/friendsofglass.com\/it\/storie\/il-vetro-anima-il-natale\/","og_locale":"en_US","og_type":"article","og_title":"Il vetro anima il Natale! - Friends of Glass IT","og_description":"Il vetro e le sue qualit\u00e0 si rivelano fondamentali nelle nostre tavole imbandite","og_url":"https:\/\/friendsofglass.com\/it\/storie\/il-vetro-anima-il-natale\/","og_site_name":"Friends of Glass IT","article_published_time":"2018-01-04T11:54:53+00:00","article_modified_time":"2024-08-23T23:31:37+00:00","og_image":[{"width":1440,"height":800,"url":"https:\/\/friendsofglass.com\/it\/wp-content\/uploads\/sites\/8\/2024\/07\/experience-banner.png","type":"image\/png"}],"author":"admin","twitter_card":"summary_large_image","twitter_misc":{"Written by":"admin","Est. reading time":"1 minute"},"schema":{"@context":"https:\/\/schema.org","@graph":[{"@type":"Article","@id":"https:\/\/friendsofglass.com\/it\/storie\/il-vetro-anima-il-natale\/#article","isPartOf":{"@id":"https:\/\/friendsofglass.com\/it\/storie\/il-vetro-anima-il-natale\/"},"author":{"name":"admin","@id":"https:\/\/friendsofglass.com\/it\/#\/schema\/person\/020c8f935e53b78218b548c299c31daf"},"headline":"Il vetro anima il Natale!","datePublished":"2018-01-04T11:54:53+00:00","dateModified":"2024-08-23T23:31:37+00:00","mainEntityOfPage":{"@id":"https:\/\/friendsofglass.com\/it\/storie\/il-vetro-anima-il-natale\/"},"wordCount":5,"commentCount":0,"publisher":{"@id":"https:\/\/friendsofglass.com\/it\/#organization"},"image":{"@id":"https:\/\/friendsofglass.com\/it\/storie\/il-vetro-anima-il-natale\/#primaryimage"},"thumbnailUrl":"https:\/\/friendsofglass.com\/it\/wp-content\/uploads\/sites\/8\/2024\/07\/experience-banner.png","articleSection":["Esperienze"],"inLanguage":"en-US"},{"@type":"WebPage","@id":"https:\/\/friendsofglass.com\/it\/storie\/il-vetro-anima-il-natale\/","url":"https:\/\/friendsofglass.com\/it\/storie\/il-vetro-anima-il-natale\/","name":"Il vetro anima il Natale! - Friends of Glass IT","isPartOf":{"@id":"https:\/\/friendsofglass.com\/it\/#website"},"primaryImageOfPage":{"@id":"https:\/\/friendsofglass.com\/it\/storie\/il-vetro-anima-il-natale\/#primaryimage"},"image":{"@id":"https:\/\/friendsofglass.com\/it\/storie\/il-vetro-anima-il-natale\/#primaryimage"},"thumbnailUrl":"https:\/\/friendsofglass.com\/it\/wp-content\/uploads\/sites\/8\/2024\/07\/experience-banner.png","datePublished":"2018-01-04T11:54:53+00:00","dateModified":"2024-08-23T23:31:37+00:00","description":"Il vetro e le sue qualit\u00e0 si rivelano fondamentali nelle nostre tavole imbandite","breadcrumb":{"@id":"https:\/\/friendsofglass.com\/it\/storie\/il-vetro-anima-il-natale\/#breadcrumb"},"inLanguage":"en-US","potentialAction":[{"@type":"ReadAction","target":["https:\/\/friendsofglass.com\/it\/storie\/il-vetro-anima-il-natale\/"]}]},{"@type":"ImageObject","inLanguage":"en-US","@id":"https:\/\/friendsofglass.com\/it\/storie\/il-vetro-anima-il-natale\/#primaryimage","url":"https:\/\/friendsofglass.com\/it\/wp-content\/uploads\/sites\/8\/2024\/07\/experience-banner.png","contentUrl":"https:\/\/friendsofglass.com\/it\/wp-content\/uploads\/sites\/8\/2024\/07\/experience-banner.png","width":1440,"height":800},{"@type":"BreadcrumbList","@id":"https:\/\/friendsofglass.com\/it\/storie\/il-vetro-anima-il-natale\/#breadcrumb","itemListElement":[{"@type":"ListItem","position":1,"name":"Home","item":"https:\/\/friendsofglass.com\/it\/"},{"@type":"ListItem","position":2,"name":"Il vetro anima il Natale!"}]},{"@type":"WebSite","@id":"https:\/\/friendsofglass.com\/it\/#website","url":"https:\/\/friendsofglass.com\/it\/","name":"Friends of Glass IT","description":"","publisher":{"@id":"https:\/\/friendsofglass.com\/it\/#organization"},"potentialAction":[{"@type":"SearchAction","target":{"@type":"EntryPoint","urlTemplate":"https:\/\/friendsofglass.com\/it\/?s={search_term_string}"},"query-input":{"@type":"PropertyValueSpecification","valueRequired":true,"valueName":"search_term_string"}}],"inLanguage":"en-US"},{"@type":"Organization","@id":"https:\/\/friendsofglass.com\/it\/#organization","name":"Friends of Glass IT","url":"https:\/\/friendsofglass.com\/it\/","logo":{"@type":"ImageObject","inLanguage":"en-US","@id":"https:\/\/friendsofglass.com\/it\/#\/schema\/logo\/image\/","url":"https:\/\/friendsofglass.com\/it\/wp-content\/uploads\/sites\/8\/2024\/03\/FoG_site_logo.png","contentUrl":"https:\/\/friendsofglass.com\/it\/wp-content\/uploads\/sites\/8\/2024\/03\/FoG_site_logo.png","width":458,"height":227,"caption":"Friends of Glass IT"},"image":{"@id":"https:\/\/friendsofglass.com\/it\/#\/schema\/logo\/image\/"}},{"@type":"Person","@id":"https:\/\/friendsofglass.com\/it\/#\/schema\/person\/020c8f935e53b78218b548c299c31daf","name":"admin","image":{"@type":"ImageObject","inLanguage":"en-US","@id":"https:\/\/friendsofglass.com\/it\/#\/schema\/person\/image\/","url":"https:\/\/secure.gravatar.com\/avatar\/18f4540ab295eaa8861dc39bf958c4396cf804af6a6a03b55be927c1e82d2b80?s=96&d=mm&r=g","contentUrl":"https:\/\/secure.gravatar.com\/avatar\/18f4540ab295eaa8861dc39bf958c4396cf804af6a6a03b55be927c1e82d2b80?s=96&d=mm&r=g","caption":"admin"},"sameAs":["https:\/\/friendsofglass.com\/"],"url":"https:\/\/friendsofglass.com\/it\/storie\/author\/admin\/"}]}},"_links":{"self":[{"href":"https:\/\/friendsofglass.com\/it\/wp-json\/wp\/v2\/posts\/134","targetHints":{"allow":["GET"]}}],"collection":[{"href":"https:\/\/friendsofglass.com\/it\/wp-json\/wp\/v2\/posts"}],"about":[{"href":"https:\/\/friendsofglass.com\/it\/wp-json\/wp\/v2\/types\/post"}],"author":[{"embeddable":true,"href":"https:\/\/friendsofglass.com\/it\/wp-json\/wp\/v2\/users\/1"}],"replies":[{"embeddable":true,"href":"https:\/\/friendsofglass.com\/it\/wp-json\/wp\/v2\/comments?post=134"}],"version-history":[{"count":0,"href":"https:\/\/friendsofglass.com\/it\/wp-json\/wp\/v2\/posts\/134\/revisions"}],"wp:featuredmedia":[{"embeddable":true,"href":"https:\/\/friendsofglass.com\/it\/wp-json\/wp\/v2\/media\/567"}],"wp:attachment":[{"href":"https:\/\/friendsofglass.com\/it\/wp-json\/wp\/v2\/media?parent=134"}],"wp:term":[{"taxonomy":"category","embeddable":true,"href":"https:\/\/friendsofglass.com\/it\/wp-json\/wp\/v2\/categories?post=134"},{"taxonomy":"post_tag","embeddable":true,"href":"https:\/\/friendsofglass.com\/it\/wp-json\/wp\/v2\/tags?post=134"}],"curies":[{"name":"wp","href":"https:\/\/api.w.org\/{rel}","templated":true}]}}