{"id":135,"date":"2018-02-12T10:33:24","date_gmt":"2018-02-12T10:33:24","guid":{"rendered":"https:\/\/www.friendsofglass.com\/it\/ecology-it\/ma-cosa-pensano-gli-italiani-quando-si-nomina-la-parola-vetro\/1"},"modified":"2024-08-23T23:33:03","modified_gmt":"2024-08-23T23:33:03","slug":"ma-cosa-pensano-gli-italiani-quando-si-nomina-la-parola-vetro","status":"publish","type":"post","link":"https:\/\/friendsofglass.com\/it\/storie\/ma-cosa-pensano-gli-italiani-quando-si-nomina-la-parola-vetro\/","title":{"rendered":"Ma cosa pensano gli Italiani quando si nomina la parola vetro?"},"content":{"rendered":"\r\n<div  class=\"custom-rich-text-block transparent\">\r\n    <div class=\"custom-rich-text spacing-top-2 spacing-bottom-2 global-container\">\r\n        <p>In una recente indagine condotta dal Censis, si \u00e8 cercato di indagare quale sia il valore sociale del vetro. In particolar modo sono state esplorate le caratteristiche pi\u00f9 virtuose di questo materiale ed i motivi di tale apprezzamento.<\/p>\n<p>Non stupir\u00e0 sapere che i risultati per il vetro sono stati pi\u00f9 che rassicuranti.<\/p>\n<p>Le prime caratteristiche che sono balzate alla mente degli intervistati sono \u201cigienico\u201d, \u201cecologico\u201d, \u201csicuro\u201d, \u201cclassico\u201d e \u201cversatile\u201d; tutti aggettivi positivi che evidenziano l\u2019importanza di questo packaging per i consumatori.<\/p>\n<p>In effetti in tutti gli ambiti della vita quotidiana questo materiale risulta essere un protagonista insostituibile: \u00e8 inerte e sicuro quando bisogna conservare degli alimenti o delle bevande; garantisce funzionalit\u00e0 e qualit\u00e0 estetica negli oggetti di uso ordinario; si adatta alla perfezione in occasione di piccole e grandi celebrazioni e risulta estremamente fruibile nel campo dell\u2019edilizia grazie alla combinazione di sicurezza, impermeabilit\u00e0, resistenza al fuoco e luminosit\u00e0.<\/p>\n<p>E non finisce qui! L\u2019indagine mette in evidenza come l\u2019apprezzamento per il vetro sia assolutamente trasversale ai gruppi sociali con un\u2019interessante articolazione di motivazioni: se da un lato per i <em>Millennials<\/em>\u00a0\u00e8 soprattutto poliedrico, bello ed ecologico, dall\u2019altro per gli adulti e gli anziani \u00e8 una fonte di sicurezza diffusa per la riconosciuta affidabilit\u00e0 per igiene e tutela della salute; stessa cosa sostengono tante famiglie con figli che apprezzano le capacit\u00e0 conservative del vetro a garanzia di igiene e sicurezza. Infine, i laureati ne esaltano ecologia ed estetica, reputandolo un materiale con il pregio della riciclabilit\u00e0, della bellezza e della classicit\u00e0.<\/p>\n<p>Insomma, possiamo affermare che il vetro \u00e8 il materiale che pi\u00f9 incarna il nostro tempo e i suoi valori. Dunque come sempre: <strong>Scegli il vetro, ricicla il vetro, ama il vetro!<\/strong><\/p>\n<p>\u00a0<\/p>\n\r\n            <\/div>\r\n<\/div>","protected":false},"excerpt":{"rendered":"<p>Secondo una recente indagine del Censis, per gli italiani il vetro ha un immenso valore sociale.<br \/>\nLe sue caratteristiche fanno s\u00ec che sia particolarmente apprezzato da giovani, adulti e famiglie.<\/p>\n","protected":false},"author":1,"featured_media":566,"comment_status":"open","ping_status":"open","sticky":false,"template":"","format":"standard","meta":{"_acf_changed":false,"inline_featured_image":false,"footnotes":""},"categories":[9],"tags":[47,11],"class_list":["post-135","post","type-post","status-publish","format-standard","has-post-thumbnail","hentry","category-environment","tag-valore-sociale","tag-vetro"],"acf":[],"yoast_head":"<!-- This site is optimized with the Yoast SEO plugin v26.3 - https:\/\/yoast.com\/wordpress\/plugins\/seo\/ -->\n<title>Ma cosa pensano gli Italiani quando si nomina la parola vetro? - Friends of Glass IT<\/title>\n<meta name=\"description\" content=\"Secondo una recente indagine del Censis, per gli italiani il vetro ha un immenso valore sociale. Le sue caratteristiche fanno s\u00ec che sia particolarmente apprezzato da giovani, adulti e famiglie.\" \/>\n<meta name=\"robots\" content=\"index, follow, max-snippet:-1, max-image-preview:large, max-video-preview:-1\" \/>\n<link rel=\"canonical\" href=\"https:\/\/friendsofglass.com\/it\/storie\/ma-cosa-pensano-gli-italiani-quando-si-nomina-la-parola-vetro\/\" \/>\n<meta property=\"og:locale\" content=\"en_US\" \/>\n<meta property=\"og:type\" content=\"article\" \/>\n<meta property=\"og:title\" content=\"Ma cosa pensano gli Italiani quando si nomina la parola vetro? - Friends of Glass IT\" \/>\n<meta property=\"og:description\" content=\"Secondo una recente indagine del Censis, per gli italiani il vetro ha un immenso valore sociale. Le sue caratteristiche fanno s\u00ec che sia particolarmente apprezzato da giovani, adulti e famiglie.\" \/>\n<meta property=\"og:url\" content=\"https:\/\/friendsofglass.com\/it\/storie\/ma-cosa-pensano-gli-italiani-quando-si-nomina-la-parola-vetro\/\" \/>\n<meta property=\"og:site_name\" content=\"Friends of Glass IT\" \/>\n<meta property=\"article:published_time\" content=\"2018-02-12T10:33:24+00:00\" \/>\n<meta property=\"article:modified_time\" content=\"2024-08-23T23:33:03+00:00\" \/>\n<meta property=\"og:image\" content=\"https:\/\/friendsofglass.com\/it\/wp-content\/uploads\/sites\/8\/2024\/07\/environment-banner.png\" \/>\n\t<meta property=\"og:image:width\" content=\"1440\" \/>\n\t<meta property=\"og:image:height\" content=\"800\" \/>\n\t<meta property=\"og:image:type\" content=\"image\/png\" \/>\n<meta name=\"author\" content=\"admin\" \/>\n<meta name=\"twitter:card\" content=\"summary_large_image\" \/>\n<meta name=\"twitter:label1\" content=\"Written by\" \/>\n\t<meta name=\"twitter:data1\" content=\"admin\" \/>\n\t<meta name=\"twitter:label2\" content=\"Est. reading time\" \/>\n\t<meta name=\"twitter:data2\" content=\"1 minute\" \/>\n<script type=\"application\/ld+json\" class=\"yoast-schema-graph\">{\"@context\":\"https:\/\/schema.org\",\"@graph\":[{\"@type\":\"Article\",\"@id\":\"https:\/\/friendsofglass.com\/it\/storie\/ma-cosa-pensano-gli-italiani-quando-si-nomina-la-parola-vetro\/#article\",\"isPartOf\":{\"@id\":\"https:\/\/friendsofglass.com\/it\/storie\/ma-cosa-pensano-gli-italiani-quando-si-nomina-la-parola-vetro\/\"},\"author\":{\"name\":\"admin\",\"@id\":\"https:\/\/friendsofglass.com\/it\/#\/schema\/person\/020c8f935e53b78218b548c299c31daf\"},\"headline\":\"Ma cosa pensano gli Italiani quando si nomina la parola vetro?\",\"datePublished\":\"2018-02-12T10:33:24+00:00\",\"dateModified\":\"2024-08-23T23:33:03+00:00\",\"mainEntityOfPage\":{\"@id\":\"https:\/\/friendsofglass.com\/it\/storie\/ma-cosa-pensano-gli-italiani-quando-si-nomina-la-parola-vetro\/\"},\"wordCount\":11,\"commentCount\":0,\"publisher\":{\"@id\":\"https:\/\/friendsofglass.com\/it\/#organization\"},\"image\":{\"@id\":\"https:\/\/friendsofglass.com\/it\/storie\/ma-cosa-pensano-gli-italiani-quando-si-nomina-la-parola-vetro\/#primaryimage\"},\"thumbnailUrl\":\"https:\/\/friendsofglass.com\/it\/wp-content\/uploads\/sites\/8\/2024\/07\/environment-banner.png\",\"keywords\":[\"valore sociale\",\"vetro\"],\"articleSection\":[\"Ambiente\"],\"inLanguage\":\"en-US\"},{\"@type\":\"WebPage\",\"@id\":\"https:\/\/friendsofglass.com\/it\/storie\/ma-cosa-pensano-gli-italiani-quando-si-nomina-la-parola-vetro\/\",\"url\":\"https:\/\/friendsofglass.com\/it\/storie\/ma-cosa-pensano-gli-italiani-quando-si-nomina-la-parola-vetro\/\",\"name\":\"Ma cosa pensano gli Italiani quando si nomina la parola vetro? - Friends of Glass IT\",\"isPartOf\":{\"@id\":\"https:\/\/friendsofglass.com\/it\/#website\"},\"primaryImageOfPage\":{\"@id\":\"https:\/\/friendsofglass.com\/it\/storie\/ma-cosa-pensano-gli-italiani-quando-si-nomina-la-parola-vetro\/#primaryimage\"},\"image\":{\"@id\":\"https:\/\/friendsofglass.com\/it\/storie\/ma-cosa-pensano-gli-italiani-quando-si-nomina-la-parola-vetro\/#primaryimage\"},\"thumbnailUrl\":\"https:\/\/friendsofglass.com\/it\/wp-content\/uploads\/sites\/8\/2024\/07\/environment-banner.png\",\"datePublished\":\"2018-02-12T10:33:24+00:00\",\"dateModified\":\"2024-08-23T23:33:03+00:00\",\"description\":\"Secondo una recente indagine del Censis, per gli italiani il vetro ha un immenso valore sociale. Le sue caratteristiche fanno s\u00ec che sia particolarmente apprezzato da giovani, adulti e famiglie.\",\"breadcrumb\":{\"@id\":\"https:\/\/friendsofglass.com\/it\/storie\/ma-cosa-pensano-gli-italiani-quando-si-nomina-la-parola-vetro\/#breadcrumb\"},\"inLanguage\":\"en-US\",\"potentialAction\":[{\"@type\":\"ReadAction\",\"target\":[\"https:\/\/friendsofglass.com\/it\/storie\/ma-cosa-pensano-gli-italiani-quando-si-nomina-la-parola-vetro\/\"]}]},{\"@type\":\"ImageObject\",\"inLanguage\":\"en-US\",\"@id\":\"https:\/\/friendsofglass.com\/it\/storie\/ma-cosa-pensano-gli-italiani-quando-si-nomina-la-parola-vetro\/#primaryimage\",\"url\":\"https:\/\/friendsofglass.com\/it\/wp-content\/uploads\/sites\/8\/2024\/07\/environment-banner.png\",\"contentUrl\":\"https:\/\/friendsofglass.com\/it\/wp-content\/uploads\/sites\/8\/2024\/07\/environment-banner.png\",\"width\":1440,\"height\":800},{\"@type\":\"BreadcrumbList\",\"@id\":\"https:\/\/friendsofglass.com\/it\/storie\/ma-cosa-pensano-gli-italiani-quando-si-nomina-la-parola-vetro\/#breadcrumb\",\"itemListElement\":[{\"@type\":\"ListItem\",\"position\":1,\"name\":\"Home\",\"item\":\"https:\/\/friendsofglass.com\/it\/\"},{\"@type\":\"ListItem\",\"position\":2,\"name\":\"Ma cosa pensano gli Italiani quando si nomina la parola vetro?\"}]},{\"@type\":\"WebSite\",\"@id\":\"https:\/\/friendsofglass.com\/it\/#website\",\"url\":\"https:\/\/friendsofglass.com\/it\/\",\"name\":\"Friends of Glass IT\",\"description\":\"\",\"publisher\":{\"@id\":\"https:\/\/friendsofglass.com\/it\/#organization\"},\"potentialAction\":[{\"@type\":\"SearchAction\",\"target\":{\"@type\":\"EntryPoint\",\"urlTemplate\":\"https:\/\/friendsofglass.com\/it\/?s={search_term_string}\"},\"query-input\":{\"@type\":\"PropertyValueSpecification\",\"valueRequired\":true,\"valueName\":\"search_term_string\"}}],\"inLanguage\":\"en-US\"},{\"@type\":\"Organization\",\"@id\":\"https:\/\/friendsofglass.com\/it\/#organization\",\"name\":\"Friends of Glass IT\",\"url\":\"https:\/\/friendsofglass.com\/it\/\",\"logo\":{\"@type\":\"ImageObject\",\"inLanguage\":\"en-US\",\"@id\":\"https:\/\/friendsofglass.com\/it\/#\/schema\/logo\/image\/\",\"url\":\"https:\/\/friendsofglass.com\/it\/wp-content\/uploads\/sites\/8\/2024\/03\/FoG_site_logo.png\",\"contentUrl\":\"https:\/\/friendsofglass.com\/it\/wp-content\/uploads\/sites\/8\/2024\/03\/FoG_site_logo.png\",\"width\":458,\"height\":227,\"caption\":\"Friends of Glass IT\"},\"image\":{\"@id\":\"https:\/\/friendsofglass.com\/it\/#\/schema\/logo\/image\/\"}},{\"@type\":\"Person\",\"@id\":\"https:\/\/friendsofglass.com\/it\/#\/schema\/person\/020c8f935e53b78218b548c299c31daf\",\"name\":\"admin\",\"image\":{\"@type\":\"ImageObject\",\"inLanguage\":\"en-US\",\"@id\":\"https:\/\/friendsofglass.com\/it\/#\/schema\/person\/image\/\",\"url\":\"https:\/\/secure.gravatar.com\/avatar\/18f4540ab295eaa8861dc39bf958c4396cf804af6a6a03b55be927c1e82d2b80?s=96&d=mm&r=g\",\"contentUrl\":\"https:\/\/secure.gravatar.com\/avatar\/18f4540ab295eaa8861dc39bf958c4396cf804af6a6a03b55be927c1e82d2b80?s=96&d=mm&r=g\",\"caption\":\"admin\"},\"sameAs\":[\"https:\/\/friendsofglass.com\/\"],\"url\":\"https:\/\/friendsofglass.com\/it\/storie\/author\/admin\/\"}]}<\/script>\n<!-- \/ Yoast SEO plugin. -->","yoast_head_json":{"title":"Ma cosa pensano gli Italiani quando si nomina la parola vetro? - Friends of Glass IT","description":"Secondo una recente indagine del Censis, per gli italiani il vetro ha un immenso valore sociale. Le sue caratteristiche fanno s\u00ec che sia particolarmente apprezzato da giovani, adulti e famiglie.","robots":{"index":"index","follow":"follow","max-snippet":"max-snippet:-1","max-image-preview":"max-image-preview:large","max-video-preview":"max-video-preview:-1"},"canonical":"https:\/\/friendsofglass.com\/it\/storie\/ma-cosa-pensano-gli-italiani-quando-si-nomina-la-parola-vetro\/","og_locale":"en_US","og_type":"article","og_title":"Ma cosa pensano gli Italiani quando si nomina la parola vetro? - Friends of Glass IT","og_description":"Secondo una recente indagine del Censis, per gli italiani il vetro ha un immenso valore sociale. Le sue caratteristiche fanno s\u00ec che sia particolarmente apprezzato da giovani, adulti e famiglie.","og_url":"https:\/\/friendsofglass.com\/it\/storie\/ma-cosa-pensano-gli-italiani-quando-si-nomina-la-parola-vetro\/","og_site_name":"Friends of Glass IT","article_published_time":"2018-02-12T10:33:24+00:00","article_modified_time":"2024-08-23T23:33:03+00:00","og_image":[{"width":1440,"height":800,"url":"https:\/\/friendsofglass.com\/it\/wp-content\/uploads\/sites\/8\/2024\/07\/environment-banner.png","type":"image\/png"}],"author":"admin","twitter_card":"summary_large_image","twitter_misc":{"Written by":"admin","Est. reading time":"1 minute"},"schema":{"@context":"https:\/\/schema.org","@graph":[{"@type":"Article","@id":"https:\/\/friendsofglass.com\/it\/storie\/ma-cosa-pensano-gli-italiani-quando-si-nomina-la-parola-vetro\/#article","isPartOf":{"@id":"https:\/\/friendsofglass.com\/it\/storie\/ma-cosa-pensano-gli-italiani-quando-si-nomina-la-parola-vetro\/"},"author":{"name":"admin","@id":"https:\/\/friendsofglass.com\/it\/#\/schema\/person\/020c8f935e53b78218b548c299c31daf"},"headline":"Ma cosa pensano gli Italiani quando si nomina la parola vetro?","datePublished":"2018-02-12T10:33:24+00:00","dateModified":"2024-08-23T23:33:03+00:00","mainEntityOfPage":{"@id":"https:\/\/friendsofglass.com\/it\/storie\/ma-cosa-pensano-gli-italiani-quando-si-nomina-la-parola-vetro\/"},"wordCount":11,"commentCount":0,"publisher":{"@id":"https:\/\/friendsofglass.com\/it\/#organization"},"image":{"@id":"https:\/\/friendsofglass.com\/it\/storie\/ma-cosa-pensano-gli-italiani-quando-si-nomina-la-parola-vetro\/#primaryimage"},"thumbnailUrl":"https:\/\/friendsofglass.com\/it\/wp-content\/uploads\/sites\/8\/2024\/07\/environment-banner.png","keywords":["valore sociale","vetro"],"articleSection":["Ambiente"],"inLanguage":"en-US"},{"@type":"WebPage","@id":"https:\/\/friendsofglass.com\/it\/storie\/ma-cosa-pensano-gli-italiani-quando-si-nomina-la-parola-vetro\/","url":"https:\/\/friendsofglass.com\/it\/storie\/ma-cosa-pensano-gli-italiani-quando-si-nomina-la-parola-vetro\/","name":"Ma cosa pensano gli Italiani quando si nomina la parola vetro? - Friends of Glass IT","isPartOf":{"@id":"https:\/\/friendsofglass.com\/it\/#website"},"primaryImageOfPage":{"@id":"https:\/\/friendsofglass.com\/it\/storie\/ma-cosa-pensano-gli-italiani-quando-si-nomina-la-parola-vetro\/#primaryimage"},"image":{"@id":"https:\/\/friendsofglass.com\/it\/storie\/ma-cosa-pensano-gli-italiani-quando-si-nomina-la-parola-vetro\/#primaryimage"},"thumbnailUrl":"https:\/\/friendsofglass.com\/it\/wp-content\/uploads\/sites\/8\/2024\/07\/environment-banner.png","datePublished":"2018-02-12T10:33:24+00:00","dateModified":"2024-08-23T23:33:03+00:00","description":"Secondo una recente indagine del Censis, per gli italiani il vetro ha un immenso valore sociale. Le sue caratteristiche fanno s\u00ec che sia particolarmente apprezzato da giovani, adulti e famiglie.","breadcrumb":{"@id":"https:\/\/friendsofglass.com\/it\/storie\/ma-cosa-pensano-gli-italiani-quando-si-nomina-la-parola-vetro\/#breadcrumb"},"inLanguage":"en-US","potentialAction":[{"@type":"ReadAction","target":["https:\/\/friendsofglass.com\/it\/storie\/ma-cosa-pensano-gli-italiani-quando-si-nomina-la-parola-vetro\/"]}]},{"@type":"ImageObject","inLanguage":"en-US","@id":"https:\/\/friendsofglass.com\/it\/storie\/ma-cosa-pensano-gli-italiani-quando-si-nomina-la-parola-vetro\/#primaryimage","url":"https:\/\/friendsofglass.com\/it\/wp-content\/uploads\/sites\/8\/2024\/07\/environment-banner.png","contentUrl":"https:\/\/friendsofglass.com\/it\/wp-content\/uploads\/sites\/8\/2024\/07\/environment-banner.png","width":1440,"height":800},{"@type":"BreadcrumbList","@id":"https:\/\/friendsofglass.com\/it\/storie\/ma-cosa-pensano-gli-italiani-quando-si-nomina-la-parola-vetro\/#breadcrumb","itemListElement":[{"@type":"ListItem","position":1,"name":"Home","item":"https:\/\/friendsofglass.com\/it\/"},{"@type":"ListItem","position":2,"name":"Ma cosa pensano gli Italiani quando si nomina la parola vetro?"}]},{"@type":"WebSite","@id":"https:\/\/friendsofglass.com\/it\/#website","url":"https:\/\/friendsofglass.com\/it\/","name":"Friends of Glass IT","description":"","publisher":{"@id":"https:\/\/friendsofglass.com\/it\/#organization"},"potentialAction":[{"@type":"SearchAction","target":{"@type":"EntryPoint","urlTemplate":"https:\/\/friendsofglass.com\/it\/?s={search_term_string}"},"query-input":{"@type":"PropertyValueSpecification","valueRequired":true,"valueName":"search_term_string"}}],"inLanguage":"en-US"},{"@type":"Organization","@id":"https:\/\/friendsofglass.com\/it\/#organization","name":"Friends of Glass IT","url":"https:\/\/friendsofglass.com\/it\/","logo":{"@type":"ImageObject","inLanguage":"en-US","@id":"https:\/\/friendsofglass.com\/it\/#\/schema\/logo\/image\/","url":"https:\/\/friendsofglass.com\/it\/wp-content\/uploads\/sites\/8\/2024\/03\/FoG_site_logo.png","contentUrl":"https:\/\/friendsofglass.com\/it\/wp-content\/uploads\/sites\/8\/2024\/03\/FoG_site_logo.png","width":458,"height":227,"caption":"Friends of Glass IT"},"image":{"@id":"https:\/\/friendsofglass.com\/it\/#\/schema\/logo\/image\/"}},{"@type":"Person","@id":"https:\/\/friendsofglass.com\/it\/#\/schema\/person\/020c8f935e53b78218b548c299c31daf","name":"admin","image":{"@type":"ImageObject","inLanguage":"en-US","@id":"https:\/\/friendsofglass.com\/it\/#\/schema\/person\/image\/","url":"https:\/\/secure.gravatar.com\/avatar\/18f4540ab295eaa8861dc39bf958c4396cf804af6a6a03b55be927c1e82d2b80?s=96&d=mm&r=g","contentUrl":"https:\/\/secure.gravatar.com\/avatar\/18f4540ab295eaa8861dc39bf958c4396cf804af6a6a03b55be927c1e82d2b80?s=96&d=mm&r=g","caption":"admin"},"sameAs":["https:\/\/friendsofglass.com\/"],"url":"https:\/\/friendsofglass.com\/it\/storie\/author\/admin\/"}]}},"_links":{"self":[{"href":"https:\/\/friendsofglass.com\/it\/wp-json\/wp\/v2\/posts\/135","targetHints":{"allow":["GET"]}}],"collection":[{"href":"https:\/\/friendsofglass.com\/it\/wp-json\/wp\/v2\/posts"}],"about":[{"href":"https:\/\/friendsofglass.com\/it\/wp-json\/wp\/v2\/types\/post"}],"author":[{"embeddable":true,"href":"https:\/\/friendsofglass.com\/it\/wp-json\/wp\/v2\/users\/1"}],"replies":[{"embeddable":true,"href":"https:\/\/friendsofglass.com\/it\/wp-json\/wp\/v2\/comments?post=135"}],"version-history":[{"count":0,"href":"https:\/\/friendsofglass.com\/it\/wp-json\/wp\/v2\/posts\/135\/revisions"}],"wp:featuredmedia":[{"embeddable":true,"href":"https:\/\/friendsofglass.com\/it\/wp-json\/wp\/v2\/media\/566"}],"wp:attachment":[{"href":"https:\/\/friendsofglass.com\/it\/wp-json\/wp\/v2\/media?parent=135"}],"wp:term":[{"taxonomy":"category","embeddable":true,"href":"https:\/\/friendsofglass.com\/it\/wp-json\/wp\/v2\/categories?post=135"},{"taxonomy":"post_tag","embeddable":true,"href":"https:\/\/friendsofglass.com\/it\/wp-json\/wp\/v2\/tags?post=135"}],"curies":[{"name":"wp","href":"https:\/\/api.w.org\/{rel}","templated":true}]}}