{"id":147,"date":"2018-11-21T10:32:03","date_gmt":"2018-11-21T10:32:03","guid":{"rendered":"https:\/\/www.friendsofglass.com\/it\/ecology-it\/in-mostra-tutta-la-sostenibilita-dei-contenitori-di-vetro\/1"},"modified":"2024-08-23T23:48:08","modified_gmt":"2024-08-23T23:48:08","slug":"in-mostra-tutta-la-sostenibilita-dei-contenitori-di-vetro","status":"publish","type":"post","link":"https:\/\/friendsofglass.com\/it\/storie\/in-mostra-tutta-la-sostenibilita-dei-contenitori-di-vetro\/","title":{"rendered":"In \u201cmostra\u201d tutta la sostenibilit\u00e0 dei contenitori di vetro"},"content":{"rendered":"\r\n<div  class=\"custom-rich-text-block transparent\">\r\n    <div class=\"custom-rich-text spacing-top-2 spacing-bottom-2 global-container\">\r\n        <p><strong>La Fiera Ecomondo<\/strong>\u00a0tenutasi a Rimini dal 5 all\u20198 novembre, \u00e8 l&#8217;appuntamento di riferimento per la green e circular economy. Un evento internazionale con un format innovativo che unisce in un&#8217;unica piattaforma tutti i settori dell&#8217;economia circolare: dal\u00a0recupero di materia ed energia allo sviluppo sostenibile.<\/p>\n<p>In questo scenario, <strong>tutte le qualit\u00e0 del contenitore in vetro sono state descritte e spiegate durante il convegno organizzato da Legambiente \u201cPlastica monouso e rifiuti marini: problemi e soluzioni\u2019\u201d con la relazione \u201cVetro materiale permanente e (eco)sostenibile\u201d.<\/strong><\/p>\n<p>Sapete che in Italia l\u2019industria del vetro da imballaggio ha una presenza consistente? Esistono infatti <strong>17 vetrerie<\/strong> con <strong>40 stabilimenti, 8.000 occupati<\/strong> e un <strong>fatturato annuo di 2 miliardi di euro<\/strong> che prestano molta attenzione all\u2019ambiente. Tanto \u00e8 vero che negli ultimi 40 anni il consumo di energia \u00e8 stato ridotto di quasi il 50%, mentre le emissioni di CO<strong><sub>2<\/sub><\/strong> hanno avuto un calo del 70%; inoltre <strong>le bottiglie<\/strong>, sempre pi\u00f9 leggere e resistenti, <strong>sono<\/strong> ormai <strong>prodotte con il 90% di vetro riciclato<\/strong>. Obiettivi importanti che si sono raggiunti investendo qualcosa come 600 milioni di euro l\u2019anno in efficienza energetica e decarbonizzazione (dati industria europea vetro).<\/p>\n<p>Come ben sapete, il vetro \u00e8 sostenibile, campione di economia circolare, sicuro anche per la tutela del mare e materiale permanente che, una volta prodotto, raccolto e trattato, diventa materia prima per nuovi ed infiniti cicli di produzione. Parlando di numeri: <strong>l\u2019utilizzo di rottame di vetro<\/strong> nella produzione comporta un <strong>risparmio di 3,2 milioni di tonnellate di materie prime<\/strong> (1,6 volte il volume del Colosseo), di <strong>340 milioni di metri cubi di metano<\/strong> (i consumi domestici di Genova) e <strong>una riduzione di 2 milioni di tonnellate di CO<sub>2<\/sub><\/strong> (la quantit\u00e0 assorbita da una foresta grande pi\u00f9 della regione Puglia).<\/p>\n<p>In particolare, con una raccolta differenziata molto spinta fino all\u201983% e un tasso di riciclo di circa il 73%, si lascia ben poco vetro nel circuito dei rifiuti. Una sicurezza, questa, per il territorio e soprattutto per il mare, sempre pi\u00f9 minacciato dai rifiuti, tanto pi\u00f9 che 6 italiani su 10 considerano proprio il vetro il packaging pi\u00f9 amico del mare.<\/p>\n<p>\u00a0<\/p>\n<p>Continuate a scegliere il vetro per la vostra salute e per quella dell\u2019ambiente!<\/p>\n\r\n            <\/div>\r\n<\/div>","protected":false},"excerpt":{"rendered":"<p>In 40 anni ridotto del 50% il consumo di energia e del 70% le emissioni di CO2. Con una raccolta differenziata fino all\u201983% ben poco \u00e8 lasciato al circuito dei rifiuti che minacciano terra e mare<\/p>\n","protected":false},"author":1,"featured_media":566,"comment_status":"open","ping_status":"open","sticky":false,"template":"","format":"standard","meta":{"_acf_changed":false,"inline_featured_image":false,"footnotes":""},"categories":[9],"tags":[55],"class_list":["post-147","post","type-post","status-publish","format-standard","has-post-thumbnail","hentry","category-environment","tag-vetro-mare"],"acf":[],"yoast_head":"<!-- This site is optimized with the Yoast SEO plugin v26.3 - https:\/\/yoast.com\/wordpress\/plugins\/seo\/ -->\n<title>In \u201cmostra\u201d tutta la sostenibilit\u00e0 dei contenitori di vetro - Friends of Glass IT<\/title>\n<meta name=\"description\" content=\"In 40 anni ridotto del 50% il consumo di energia e del 70% le emissioni di CO2. Con una raccolta differenziata fino all\u201983% ben poco \u00e8 lasciato al circuito dei rifiuti che minacciano terra e mare\" \/>\n<meta name=\"robots\" content=\"index, follow, max-snippet:-1, max-image-preview:large, max-video-preview:-1\" \/>\n<link rel=\"canonical\" href=\"https:\/\/friendsofglass.com\/it\/storie\/in-mostra-tutta-la-sostenibilita-dei-contenitori-di-vetro\/\" \/>\n<meta property=\"og:locale\" content=\"en_US\" \/>\n<meta property=\"og:type\" content=\"article\" \/>\n<meta property=\"og:title\" content=\"In \u201cmostra\u201d tutta la sostenibilit\u00e0 dei contenitori di vetro - Friends of Glass IT\" \/>\n<meta property=\"og:description\" content=\"In 40 anni ridotto del 50% il consumo di energia e del 70% le emissioni di CO2. Con una raccolta differenziata fino all\u201983% ben poco \u00e8 lasciato al circuito dei rifiuti che minacciano terra e mare\" \/>\n<meta property=\"og:url\" content=\"https:\/\/friendsofglass.com\/it\/storie\/in-mostra-tutta-la-sostenibilita-dei-contenitori-di-vetro\/\" \/>\n<meta property=\"og:site_name\" content=\"Friends of Glass IT\" \/>\n<meta property=\"article:published_time\" content=\"2018-11-21T10:32:03+00:00\" \/>\n<meta property=\"article:modified_time\" content=\"2024-08-23T23:48:08+00:00\" \/>\n<meta property=\"og:image\" content=\"https:\/\/friendsofglass.com\/it\/wp-content\/uploads\/sites\/8\/2024\/07\/environment-banner.png\" \/>\n\t<meta property=\"og:image:width\" content=\"1440\" \/>\n\t<meta property=\"og:image:height\" content=\"800\" \/>\n\t<meta property=\"og:image:type\" content=\"image\/png\" \/>\n<meta name=\"author\" content=\"admin\" \/>\n<meta name=\"twitter:card\" content=\"summary_large_image\" \/>\n<meta name=\"twitter:label1\" content=\"Written by\" \/>\n\t<meta name=\"twitter:data1\" content=\"admin\" \/>\n\t<meta name=\"twitter:label2\" content=\"Est. reading time\" \/>\n\t<meta name=\"twitter:data2\" content=\"1 minute\" \/>\n<script type=\"application\/ld+json\" class=\"yoast-schema-graph\">{\"@context\":\"https:\/\/schema.org\",\"@graph\":[{\"@type\":\"Article\",\"@id\":\"https:\/\/friendsofglass.com\/it\/storie\/in-mostra-tutta-la-sostenibilita-dei-contenitori-di-vetro\/#article\",\"isPartOf\":{\"@id\":\"https:\/\/friendsofglass.com\/it\/storie\/in-mostra-tutta-la-sostenibilita-dei-contenitori-di-vetro\/\"},\"author\":{\"name\":\"admin\",\"@id\":\"https:\/\/friendsofglass.com\/it\/#\/schema\/person\/020c8f935e53b78218b548c299c31daf\"},\"headline\":\"In \u201cmostra\u201d tutta la sostenibilit\u00e0 dei contenitori di vetro\",\"datePublished\":\"2018-11-21T10:32:03+00:00\",\"dateModified\":\"2024-08-23T23:48:08+00:00\",\"mainEntityOfPage\":{\"@id\":\"https:\/\/friendsofglass.com\/it\/storie\/in-mostra-tutta-la-sostenibilita-dei-contenitori-di-vetro\/\"},\"wordCount\":9,\"commentCount\":0,\"publisher\":{\"@id\":\"https:\/\/friendsofglass.com\/it\/#organization\"},\"image\":{\"@id\":\"https:\/\/friendsofglass.com\/it\/storie\/in-mostra-tutta-la-sostenibilita-dei-contenitori-di-vetro\/#primaryimage\"},\"thumbnailUrl\":\"https:\/\/friendsofglass.com\/it\/wp-content\/uploads\/sites\/8\/2024\/07\/environment-banner.png\",\"keywords\":[\"vetro. mare\"],\"articleSection\":[\"Ambiente\"],\"inLanguage\":\"en-US\"},{\"@type\":\"WebPage\",\"@id\":\"https:\/\/friendsofglass.com\/it\/storie\/in-mostra-tutta-la-sostenibilita-dei-contenitori-di-vetro\/\",\"url\":\"https:\/\/friendsofglass.com\/it\/storie\/in-mostra-tutta-la-sostenibilita-dei-contenitori-di-vetro\/\",\"name\":\"In \u201cmostra\u201d tutta la sostenibilit\u00e0 dei contenitori di vetro - Friends of Glass IT\",\"isPartOf\":{\"@id\":\"https:\/\/friendsofglass.com\/it\/#website\"},\"primaryImageOfPage\":{\"@id\":\"https:\/\/friendsofglass.com\/it\/storie\/in-mostra-tutta-la-sostenibilita-dei-contenitori-di-vetro\/#primaryimage\"},\"image\":{\"@id\":\"https:\/\/friendsofglass.com\/it\/storie\/in-mostra-tutta-la-sostenibilita-dei-contenitori-di-vetro\/#primaryimage\"},\"thumbnailUrl\":\"https:\/\/friendsofglass.com\/it\/wp-content\/uploads\/sites\/8\/2024\/07\/environment-banner.png\",\"datePublished\":\"2018-11-21T10:32:03+00:00\",\"dateModified\":\"2024-08-23T23:48:08+00:00\",\"description\":\"In 40 anni ridotto del 50% il consumo di energia e del 70% le emissioni di CO2. Con una raccolta differenziata fino all\u201983% ben poco \u00e8 lasciato al circuito dei rifiuti che minacciano terra e mare\",\"breadcrumb\":{\"@id\":\"https:\/\/friendsofglass.com\/it\/storie\/in-mostra-tutta-la-sostenibilita-dei-contenitori-di-vetro\/#breadcrumb\"},\"inLanguage\":\"en-US\",\"potentialAction\":[{\"@type\":\"ReadAction\",\"target\":[\"https:\/\/friendsofglass.com\/it\/storie\/in-mostra-tutta-la-sostenibilita-dei-contenitori-di-vetro\/\"]}]},{\"@type\":\"ImageObject\",\"inLanguage\":\"en-US\",\"@id\":\"https:\/\/friendsofglass.com\/it\/storie\/in-mostra-tutta-la-sostenibilita-dei-contenitori-di-vetro\/#primaryimage\",\"url\":\"https:\/\/friendsofglass.com\/it\/wp-content\/uploads\/sites\/8\/2024\/07\/environment-banner.png\",\"contentUrl\":\"https:\/\/friendsofglass.com\/it\/wp-content\/uploads\/sites\/8\/2024\/07\/environment-banner.png\",\"width\":1440,\"height\":800},{\"@type\":\"BreadcrumbList\",\"@id\":\"https:\/\/friendsofglass.com\/it\/storie\/in-mostra-tutta-la-sostenibilita-dei-contenitori-di-vetro\/#breadcrumb\",\"itemListElement\":[{\"@type\":\"ListItem\",\"position\":1,\"name\":\"Home\",\"item\":\"https:\/\/friendsofglass.com\/it\/\"},{\"@type\":\"ListItem\",\"position\":2,\"name\":\"In \u201cmostra\u201d tutta la sostenibilit\u00e0 dei contenitori di vetro\"}]},{\"@type\":\"WebSite\",\"@id\":\"https:\/\/friendsofglass.com\/it\/#website\",\"url\":\"https:\/\/friendsofglass.com\/it\/\",\"name\":\"Friends of Glass IT\",\"description\":\"\",\"publisher\":{\"@id\":\"https:\/\/friendsofglass.com\/it\/#organization\"},\"potentialAction\":[{\"@type\":\"SearchAction\",\"target\":{\"@type\":\"EntryPoint\",\"urlTemplate\":\"https:\/\/friendsofglass.com\/it\/?s={search_term_string}\"},\"query-input\":{\"@type\":\"PropertyValueSpecification\",\"valueRequired\":true,\"valueName\":\"search_term_string\"}}],\"inLanguage\":\"en-US\"},{\"@type\":\"Organization\",\"@id\":\"https:\/\/friendsofglass.com\/it\/#organization\",\"name\":\"Friends of Glass IT\",\"url\":\"https:\/\/friendsofglass.com\/it\/\",\"logo\":{\"@type\":\"ImageObject\",\"inLanguage\":\"en-US\",\"@id\":\"https:\/\/friendsofglass.com\/it\/#\/schema\/logo\/image\/\",\"url\":\"https:\/\/friendsofglass.com\/it\/wp-content\/uploads\/sites\/8\/2024\/03\/FoG_site_logo.png\",\"contentUrl\":\"https:\/\/friendsofglass.com\/it\/wp-content\/uploads\/sites\/8\/2024\/03\/FoG_site_logo.png\",\"width\":458,\"height\":227,\"caption\":\"Friends of Glass IT\"},\"image\":{\"@id\":\"https:\/\/friendsofglass.com\/it\/#\/schema\/logo\/image\/\"}},{\"@type\":\"Person\",\"@id\":\"https:\/\/friendsofglass.com\/it\/#\/schema\/person\/020c8f935e53b78218b548c299c31daf\",\"name\":\"admin\",\"image\":{\"@type\":\"ImageObject\",\"inLanguage\":\"en-US\",\"@id\":\"https:\/\/friendsofglass.com\/it\/#\/schema\/person\/image\/\",\"url\":\"https:\/\/secure.gravatar.com\/avatar\/18f4540ab295eaa8861dc39bf958c4396cf804af6a6a03b55be927c1e82d2b80?s=96&d=mm&r=g\",\"contentUrl\":\"https:\/\/secure.gravatar.com\/avatar\/18f4540ab295eaa8861dc39bf958c4396cf804af6a6a03b55be927c1e82d2b80?s=96&d=mm&r=g\",\"caption\":\"admin\"},\"sameAs\":[\"https:\/\/friendsofglass.com\/\"],\"url\":\"https:\/\/friendsofglass.com\/it\/storie\/author\/admin\/\"}]}<\/script>\n<!-- \/ Yoast SEO plugin. -->","yoast_head_json":{"title":"In \u201cmostra\u201d tutta la sostenibilit\u00e0 dei contenitori di vetro - Friends of Glass IT","description":"In 40 anni ridotto del 50% il consumo di energia e del 70% le emissioni di CO2. Con una raccolta differenziata fino all\u201983% ben poco \u00e8 lasciato al circuito dei rifiuti che minacciano terra e mare","robots":{"index":"index","follow":"follow","max-snippet":"max-snippet:-1","max-image-preview":"max-image-preview:large","max-video-preview":"max-video-preview:-1"},"canonical":"https:\/\/friendsofglass.com\/it\/storie\/in-mostra-tutta-la-sostenibilita-dei-contenitori-di-vetro\/","og_locale":"en_US","og_type":"article","og_title":"In \u201cmostra\u201d tutta la sostenibilit\u00e0 dei contenitori di vetro - Friends of Glass IT","og_description":"In 40 anni ridotto del 50% il consumo di energia e del 70% le emissioni di CO2. Con una raccolta differenziata fino all\u201983% ben poco \u00e8 lasciato al circuito dei rifiuti che minacciano terra e mare","og_url":"https:\/\/friendsofglass.com\/it\/storie\/in-mostra-tutta-la-sostenibilita-dei-contenitori-di-vetro\/","og_site_name":"Friends of Glass IT","article_published_time":"2018-11-21T10:32:03+00:00","article_modified_time":"2024-08-23T23:48:08+00:00","og_image":[{"width":1440,"height":800,"url":"https:\/\/friendsofglass.com\/it\/wp-content\/uploads\/sites\/8\/2024\/07\/environment-banner.png","type":"image\/png"}],"author":"admin","twitter_card":"summary_large_image","twitter_misc":{"Written by":"admin","Est. reading time":"1 minute"},"schema":{"@context":"https:\/\/schema.org","@graph":[{"@type":"Article","@id":"https:\/\/friendsofglass.com\/it\/storie\/in-mostra-tutta-la-sostenibilita-dei-contenitori-di-vetro\/#article","isPartOf":{"@id":"https:\/\/friendsofglass.com\/it\/storie\/in-mostra-tutta-la-sostenibilita-dei-contenitori-di-vetro\/"},"author":{"name":"admin","@id":"https:\/\/friendsofglass.com\/it\/#\/schema\/person\/020c8f935e53b78218b548c299c31daf"},"headline":"In \u201cmostra\u201d tutta la sostenibilit\u00e0 dei contenitori di vetro","datePublished":"2018-11-21T10:32:03+00:00","dateModified":"2024-08-23T23:48:08+00:00","mainEntityOfPage":{"@id":"https:\/\/friendsofglass.com\/it\/storie\/in-mostra-tutta-la-sostenibilita-dei-contenitori-di-vetro\/"},"wordCount":9,"commentCount":0,"publisher":{"@id":"https:\/\/friendsofglass.com\/it\/#organization"},"image":{"@id":"https:\/\/friendsofglass.com\/it\/storie\/in-mostra-tutta-la-sostenibilita-dei-contenitori-di-vetro\/#primaryimage"},"thumbnailUrl":"https:\/\/friendsofglass.com\/it\/wp-content\/uploads\/sites\/8\/2024\/07\/environment-banner.png","keywords":["vetro. mare"],"articleSection":["Ambiente"],"inLanguage":"en-US"},{"@type":"WebPage","@id":"https:\/\/friendsofglass.com\/it\/storie\/in-mostra-tutta-la-sostenibilita-dei-contenitori-di-vetro\/","url":"https:\/\/friendsofglass.com\/it\/storie\/in-mostra-tutta-la-sostenibilita-dei-contenitori-di-vetro\/","name":"In \u201cmostra\u201d tutta la sostenibilit\u00e0 dei contenitori di vetro - Friends of Glass IT","isPartOf":{"@id":"https:\/\/friendsofglass.com\/it\/#website"},"primaryImageOfPage":{"@id":"https:\/\/friendsofglass.com\/it\/storie\/in-mostra-tutta-la-sostenibilita-dei-contenitori-di-vetro\/#primaryimage"},"image":{"@id":"https:\/\/friendsofglass.com\/it\/storie\/in-mostra-tutta-la-sostenibilita-dei-contenitori-di-vetro\/#primaryimage"},"thumbnailUrl":"https:\/\/friendsofglass.com\/it\/wp-content\/uploads\/sites\/8\/2024\/07\/environment-banner.png","datePublished":"2018-11-21T10:32:03+00:00","dateModified":"2024-08-23T23:48:08+00:00","description":"In 40 anni ridotto del 50% il consumo di energia e del 70% le emissioni di CO2. Con una raccolta differenziata fino all\u201983% ben poco \u00e8 lasciato al circuito dei rifiuti che minacciano terra e mare","breadcrumb":{"@id":"https:\/\/friendsofglass.com\/it\/storie\/in-mostra-tutta-la-sostenibilita-dei-contenitori-di-vetro\/#breadcrumb"},"inLanguage":"en-US","potentialAction":[{"@type":"ReadAction","target":["https:\/\/friendsofglass.com\/it\/storie\/in-mostra-tutta-la-sostenibilita-dei-contenitori-di-vetro\/"]}]},{"@type":"ImageObject","inLanguage":"en-US","@id":"https:\/\/friendsofglass.com\/it\/storie\/in-mostra-tutta-la-sostenibilita-dei-contenitori-di-vetro\/#primaryimage","url":"https:\/\/friendsofglass.com\/it\/wp-content\/uploads\/sites\/8\/2024\/07\/environment-banner.png","contentUrl":"https:\/\/friendsofglass.com\/it\/wp-content\/uploads\/sites\/8\/2024\/07\/environment-banner.png","width":1440,"height":800},{"@type":"BreadcrumbList","@id":"https:\/\/friendsofglass.com\/it\/storie\/in-mostra-tutta-la-sostenibilita-dei-contenitori-di-vetro\/#breadcrumb","itemListElement":[{"@type":"ListItem","position":1,"name":"Home","item":"https:\/\/friendsofglass.com\/it\/"},{"@type":"ListItem","position":2,"name":"In \u201cmostra\u201d tutta la sostenibilit\u00e0 dei contenitori di vetro"}]},{"@type":"WebSite","@id":"https:\/\/friendsofglass.com\/it\/#website","url":"https:\/\/friendsofglass.com\/it\/","name":"Friends of Glass IT","description":"","publisher":{"@id":"https:\/\/friendsofglass.com\/it\/#organization"},"potentialAction":[{"@type":"SearchAction","target":{"@type":"EntryPoint","urlTemplate":"https:\/\/friendsofglass.com\/it\/?s={search_term_string}"},"query-input":{"@type":"PropertyValueSpecification","valueRequired":true,"valueName":"search_term_string"}}],"inLanguage":"en-US"},{"@type":"Organization","@id":"https:\/\/friendsofglass.com\/it\/#organization","name":"Friends of Glass IT","url":"https:\/\/friendsofglass.com\/it\/","logo":{"@type":"ImageObject","inLanguage":"en-US","@id":"https:\/\/friendsofglass.com\/it\/#\/schema\/logo\/image\/","url":"https:\/\/friendsofglass.com\/it\/wp-content\/uploads\/sites\/8\/2024\/03\/FoG_site_logo.png","contentUrl":"https:\/\/friendsofglass.com\/it\/wp-content\/uploads\/sites\/8\/2024\/03\/FoG_site_logo.png","width":458,"height":227,"caption":"Friends of Glass IT"},"image":{"@id":"https:\/\/friendsofglass.com\/it\/#\/schema\/logo\/image\/"}},{"@type":"Person","@id":"https:\/\/friendsofglass.com\/it\/#\/schema\/person\/020c8f935e53b78218b548c299c31daf","name":"admin","image":{"@type":"ImageObject","inLanguage":"en-US","@id":"https:\/\/friendsofglass.com\/it\/#\/schema\/person\/image\/","url":"https:\/\/secure.gravatar.com\/avatar\/18f4540ab295eaa8861dc39bf958c4396cf804af6a6a03b55be927c1e82d2b80?s=96&d=mm&r=g","contentUrl":"https:\/\/secure.gravatar.com\/avatar\/18f4540ab295eaa8861dc39bf958c4396cf804af6a6a03b55be927c1e82d2b80?s=96&d=mm&r=g","caption":"admin"},"sameAs":["https:\/\/friendsofglass.com\/"],"url":"https:\/\/friendsofglass.com\/it\/storie\/author\/admin\/"}]}},"_links":{"self":[{"href":"https:\/\/friendsofglass.com\/it\/wp-json\/wp\/v2\/posts\/147","targetHints":{"allow":["GET"]}}],"collection":[{"href":"https:\/\/friendsofglass.com\/it\/wp-json\/wp\/v2\/posts"}],"about":[{"href":"https:\/\/friendsofglass.com\/it\/wp-json\/wp\/v2\/types\/post"}],"author":[{"embeddable":true,"href":"https:\/\/friendsofglass.com\/it\/wp-json\/wp\/v2\/users\/1"}],"replies":[{"embeddable":true,"href":"https:\/\/friendsofglass.com\/it\/wp-json\/wp\/v2\/comments?post=147"}],"version-history":[{"count":0,"href":"https:\/\/friendsofglass.com\/it\/wp-json\/wp\/v2\/posts\/147\/revisions"}],"wp:featuredmedia":[{"embeddable":true,"href":"https:\/\/friendsofglass.com\/it\/wp-json\/wp\/v2\/media\/566"}],"wp:attachment":[{"href":"https:\/\/friendsofglass.com\/it\/wp-json\/wp\/v2\/media?parent=147"}],"wp:term":[{"taxonomy":"category","embeddable":true,"href":"https:\/\/friendsofglass.com\/it\/wp-json\/wp\/v2\/categories?post=147"},{"taxonomy":"post_tag","embeddable":true,"href":"https:\/\/friendsofglass.com\/it\/wp-json\/wp\/v2\/tags?post=147"}],"curies":[{"name":"wp","href":"https:\/\/api.w.org\/{rel}","templated":true}]}}