{"id":152,"date":"2019-03-29T10:20:12","date_gmt":"2019-03-29T10:20:12","guid":{"rendered":"https:\/\/www.friendsofglass.com\/it\/design-it\/anche-la-cosmetica-sceglie-il-packaging-green-per-circa-8-italiani-su-10-e-il-vetro-la-scelta-top-per-creme-e-profumi\/1"},"modified":"2024-08-23T23:51:27","modified_gmt":"2024-08-23T23:51:27","slug":"il-vetro-e-la-scelta-top-per-creme-e-profumi","status":"publish","type":"post","link":"https:\/\/friendsofglass.com\/it\/storie\/il-vetro-e-la-scelta-top-per-creme-e-profumi\/","title":{"rendered":"Anche la cosmetica sceglie il packaging green: per 8 italiani su 10 il vetro \u00e8 la scelta topo per creme e profumi"},"content":{"rendered":"\r\n<div  class=\"custom-rich-text-block transparent\">\r\n    <div class=\"custom-rich-text spacing-top-2 spacing-bottom-2 global-container\">\r\n        <p>\u00a0<\/p>\n<p>Sapete che il <strong>nuovo trend green dei prodotti di bellezza e dei profumi<\/strong> sta prendendo sempre pi\u00f9 piede? Solo in Italia ha <strong>un mercato di<\/strong> <strong>oltre un miliardo di euro<\/strong>!<\/p>\n<p>Questa tendenza \u00e8 stata rilevata e studiata anche da un\u2019indagine condotta da InSites* nei mesi scorsi: non stupir\u00e0 sapere che i risultati per il vetro sono stati pi\u00f9 che positivi.<\/p>\n<p><strong>La produzione in Italia dei flaconi di vetro<\/strong>, infatti, <strong>\u00e8 aumentata nel 2018 del ben 4% rispetto all\u2019anno precedente<\/strong> (sono inclusi anche quelli per la farmaceutica), come confermano i dati ISTAT relativi a questo comparto e, <strong>pi\u00f9 della met\u00e0 degli italiani, desidererebbe vedere un maggior numero di packaging in vetro<\/strong> sugli scaffali dei negozi, sia per quanto riguarda i prodotti di bellezza (56%) sia per quanto riguarda i profumi (53%).<\/p>\n<p>\u00a0<\/p>\n<p>E, in questo ambito, come viene considerato il vetro dagli italiani?<\/p>\n<p>Il <strong>77% dei consumatori lo considera ovviamente il miglior contenitore per la cosmetica e i profumi<\/strong>, sia per la sua sostenibilit\u00e0 (opinione espressa dal 47% degli italiani), sia perch\u00e9, essendo un materiale inerte, non disperde sostanze chimiche (44%), e pu\u00f2 dunque preservare al meglio la qualit\u00e0 e il profumo del contenuto (46%), e, non da ultimo, per il tocco raffinato che riesce a dare ai prodotti (21%). Come ben sapete, il vetro \u00e8 capace, infatti, di rendere prestigioso ogni contenuto, valorizzando le sue forme attraverso un design ricercato ed elegante.<\/p>\n<p>Inoltre, l\u201985% ritiene che l\u2019imballaggio in vetro per cosmetici e profumi conservi meglio le qualit\u00e0 e la fragranza del contenuto, il 73% lo considera l\u2019imballaggio pi\u00f9 sicuro e l\u201986% un imballaggio che d\u00e0 prestigio al prodotto.<\/p>\n<p>\u00a0<\/p>\n<p>E non finisce qui! <strong>Gli italiani<\/strong> poi <strong>sono ben informati sul \u201cfine vita\u201d dei contenitori dei prodotti di bellezza<\/strong>. Ben 7 italiani su 10 (71%) sono a conoscenza che vasetti di crema, flaconcini di smalti e bottiglie di profumo, una volta esauriti, possono essere gettati nella campana di vetro per essere riciclati. Mentre il 68% sostiene di riciclarli sempre e solo il 26% non \u00e8 sicuro di sapere come si smaltiscano correttamente.<\/p>\n<p>Sapevate che solo le fiale farmaceutiche, che sono prodotte con un tipo di vetro particolare (borosilicato), vanno gettate necessariamente nella indifferenziata, per evitare che possano contaminare la qualit\u00e0 del vetro contenuto nella campana a questo riservato?<\/p>\n<p><strong>\u00a0<\/strong><\/p>\n<p>Insomma, il nostro materiale preferito continua a regalare soddisfazioni e ci invita sempre di pi\u00f9 a seguire il nostro motto: <strong>Scegli il vetro, ricicla il vetro, ama il vetro!<\/strong><\/p>\n<p><strong>\u00a0<\/strong><\/p>\n<h6>*Indagine InSites 2018 su Germania, Francia, Italia, Spagna, UK<\/h6>\n\r\n            <\/div>\r\n<\/div>","protected":false},"excerpt":{"rendered":"<p>Nel 2018 \u00e8 aumentata del 4% la produzione di flaconi in vetro, considerati il packaging di pregio per la bellezza dall\u201986% degli italiani<\/p>\n","protected":false},"author":1,"featured_media":567,"comment_status":"open","ping_status":"open","sticky":false,"template":"","format":"standard","meta":{"_acf_changed":false,"inline_featured_image":false,"footnotes":""},"categories":[3],"tags":[60,11],"class_list":["post-152","post","type-post","status-publish","format-standard","has-post-thumbnail","hentry","category-experience","tag-flaconnage","tag-vetro"],"acf":[],"yoast_head":"<!-- This site is optimized with the Yoast SEO plugin v26.3 - https:\/\/yoast.com\/wordpress\/plugins\/seo\/ -->\n<title>Anche la cosmetica sceglie il packaging green: per 8 italiani su 10 il vetro \u00e8 la scelta topo per creme e profumi - Friends of Glass IT<\/title>\n<meta name=\"description\" content=\"Nel 2018 \u00e8 aumentata del 4% la produzione di flaconi in vetro, considerati il packaging di pregio per la bellezza dall\u201986% degli italiani\" \/>\n<meta name=\"robots\" content=\"index, follow, max-snippet:-1, max-image-preview:large, max-video-preview:-1\" \/>\n<link rel=\"canonical\" href=\"https:\/\/friendsofglass.com\/it\/storie\/il-vetro-e-la-scelta-top-per-creme-e-profumi\/\" \/>\n<meta property=\"og:locale\" content=\"en_US\" \/>\n<meta property=\"og:type\" content=\"article\" \/>\n<meta property=\"og:title\" content=\"Anche la cosmetica sceglie il packaging green: per 8 italiani su 10 il vetro \u00e8 la scelta topo per creme e profumi - Friends of Glass IT\" \/>\n<meta property=\"og:description\" content=\"Nel 2018 \u00e8 aumentata del 4% la produzione di flaconi in vetro, considerati il packaging di pregio per la bellezza dall\u201986% degli italiani\" \/>\n<meta property=\"og:url\" content=\"https:\/\/friendsofglass.com\/it\/storie\/il-vetro-e-la-scelta-top-per-creme-e-profumi\/\" \/>\n<meta property=\"og:site_name\" content=\"Friends of Glass IT\" \/>\n<meta property=\"article:published_time\" content=\"2019-03-29T10:20:12+00:00\" \/>\n<meta property=\"article:modified_time\" content=\"2024-08-23T23:51:27+00:00\" \/>\n<meta property=\"og:image\" content=\"https:\/\/friendsofglass.com\/it\/wp-content\/uploads\/sites\/8\/2024\/07\/experience-banner.png\" \/>\n\t<meta property=\"og:image:width\" content=\"1440\" \/>\n\t<meta property=\"og:image:height\" content=\"800\" \/>\n\t<meta property=\"og:image:type\" content=\"image\/png\" \/>\n<meta name=\"author\" content=\"admin\" \/>\n<meta name=\"twitter:card\" content=\"summary_large_image\" \/>\n<meta name=\"twitter:label1\" content=\"Written by\" \/>\n\t<meta name=\"twitter:data1\" content=\"admin\" \/>\n\t<meta name=\"twitter:label2\" content=\"Est. reading time\" \/>\n\t<meta name=\"twitter:data2\" content=\"1 minute\" \/>\n<script type=\"application\/ld+json\" class=\"yoast-schema-graph\">{\"@context\":\"https:\/\/schema.org\",\"@graph\":[{\"@type\":\"Article\",\"@id\":\"https:\/\/friendsofglass.com\/it\/storie\/il-vetro-e-la-scelta-top-per-creme-e-profumi\/#article\",\"isPartOf\":{\"@id\":\"https:\/\/friendsofglass.com\/it\/storie\/il-vetro-e-la-scelta-top-per-creme-e-profumi\/\"},\"author\":{\"name\":\"admin\",\"@id\":\"https:\/\/friendsofglass.com\/it\/#\/schema\/person\/020c8f935e53b78218b548c299c31daf\"},\"headline\":\"Anche la cosmetica sceglie il packaging green: per 8 italiani su 10 il vetro \u00e8 la scelta topo per creme e profumi\",\"datePublished\":\"2019-03-29T10:20:12+00:00\",\"dateModified\":\"2024-08-23T23:51:27+00:00\",\"mainEntityOfPage\":{\"@id\":\"https:\/\/friendsofglass.com\/it\/storie\/il-vetro-e-la-scelta-top-per-creme-e-profumi\/\"},\"wordCount\":19,\"commentCount\":0,\"publisher\":{\"@id\":\"https:\/\/friendsofglass.com\/it\/#organization\"},\"image\":{\"@id\":\"https:\/\/friendsofglass.com\/it\/storie\/il-vetro-e-la-scelta-top-per-creme-e-profumi\/#primaryimage\"},\"thumbnailUrl\":\"https:\/\/friendsofglass.com\/it\/wp-content\/uploads\/sites\/8\/2024\/07\/experience-banner.png\",\"keywords\":[\"flaconnage\",\"vetro\"],\"articleSection\":[\"Esperienze\"],\"inLanguage\":\"en-US\"},{\"@type\":\"WebPage\",\"@id\":\"https:\/\/friendsofglass.com\/it\/storie\/il-vetro-e-la-scelta-top-per-creme-e-profumi\/\",\"url\":\"https:\/\/friendsofglass.com\/it\/storie\/il-vetro-e-la-scelta-top-per-creme-e-profumi\/\",\"name\":\"Anche la cosmetica sceglie il packaging green: per 8 italiani su 10 il vetro \u00e8 la scelta topo per creme e profumi - Friends of Glass IT\",\"isPartOf\":{\"@id\":\"https:\/\/friendsofglass.com\/it\/#website\"},\"primaryImageOfPage\":{\"@id\":\"https:\/\/friendsofglass.com\/it\/storie\/il-vetro-e-la-scelta-top-per-creme-e-profumi\/#primaryimage\"},\"image\":{\"@id\":\"https:\/\/friendsofglass.com\/it\/storie\/il-vetro-e-la-scelta-top-per-creme-e-profumi\/#primaryimage\"},\"thumbnailUrl\":\"https:\/\/friendsofglass.com\/it\/wp-content\/uploads\/sites\/8\/2024\/07\/experience-banner.png\",\"datePublished\":\"2019-03-29T10:20:12+00:00\",\"dateModified\":\"2024-08-23T23:51:27+00:00\",\"description\":\"Nel 2018 \u00e8 aumentata del 4% la produzione di flaconi in vetro, considerati il packaging di pregio per la bellezza dall\u201986% degli italiani\",\"breadcrumb\":{\"@id\":\"https:\/\/friendsofglass.com\/it\/storie\/il-vetro-e-la-scelta-top-per-creme-e-profumi\/#breadcrumb\"},\"inLanguage\":\"en-US\",\"potentialAction\":[{\"@type\":\"ReadAction\",\"target\":[\"https:\/\/friendsofglass.com\/it\/storie\/il-vetro-e-la-scelta-top-per-creme-e-profumi\/\"]}]},{\"@type\":\"ImageObject\",\"inLanguage\":\"en-US\",\"@id\":\"https:\/\/friendsofglass.com\/it\/storie\/il-vetro-e-la-scelta-top-per-creme-e-profumi\/#primaryimage\",\"url\":\"https:\/\/friendsofglass.com\/it\/wp-content\/uploads\/sites\/8\/2024\/07\/experience-banner.png\",\"contentUrl\":\"https:\/\/friendsofglass.com\/it\/wp-content\/uploads\/sites\/8\/2024\/07\/experience-banner.png\",\"width\":1440,\"height\":800},{\"@type\":\"BreadcrumbList\",\"@id\":\"https:\/\/friendsofglass.com\/it\/storie\/il-vetro-e-la-scelta-top-per-creme-e-profumi\/#breadcrumb\",\"itemListElement\":[{\"@type\":\"ListItem\",\"position\":1,\"name\":\"Home\",\"item\":\"https:\/\/friendsofglass.com\/it\/\"},{\"@type\":\"ListItem\",\"position\":2,\"name\":\"Anche la cosmetica sceglie il packaging green: per 8 italiani su 10 il vetro \u00e8 la scelta topo per creme e profumi\"}]},{\"@type\":\"WebSite\",\"@id\":\"https:\/\/friendsofglass.com\/it\/#website\",\"url\":\"https:\/\/friendsofglass.com\/it\/\",\"name\":\"Friends of Glass IT\",\"description\":\"\",\"publisher\":{\"@id\":\"https:\/\/friendsofglass.com\/it\/#organization\"},\"potentialAction\":[{\"@type\":\"SearchAction\",\"target\":{\"@type\":\"EntryPoint\",\"urlTemplate\":\"https:\/\/friendsofglass.com\/it\/?s={search_term_string}\"},\"query-input\":{\"@type\":\"PropertyValueSpecification\",\"valueRequired\":true,\"valueName\":\"search_term_string\"}}],\"inLanguage\":\"en-US\"},{\"@type\":\"Organization\",\"@id\":\"https:\/\/friendsofglass.com\/it\/#organization\",\"name\":\"Friends of Glass IT\",\"url\":\"https:\/\/friendsofglass.com\/it\/\",\"logo\":{\"@type\":\"ImageObject\",\"inLanguage\":\"en-US\",\"@id\":\"https:\/\/friendsofglass.com\/it\/#\/schema\/logo\/image\/\",\"url\":\"https:\/\/friendsofglass.com\/it\/wp-content\/uploads\/sites\/8\/2024\/03\/FoG_site_logo.png\",\"contentUrl\":\"https:\/\/friendsofglass.com\/it\/wp-content\/uploads\/sites\/8\/2024\/03\/FoG_site_logo.png\",\"width\":458,\"height\":227,\"caption\":\"Friends of Glass IT\"},\"image\":{\"@id\":\"https:\/\/friendsofglass.com\/it\/#\/schema\/logo\/image\/\"}},{\"@type\":\"Person\",\"@id\":\"https:\/\/friendsofglass.com\/it\/#\/schema\/person\/020c8f935e53b78218b548c299c31daf\",\"name\":\"admin\",\"image\":{\"@type\":\"ImageObject\",\"inLanguage\":\"en-US\",\"@id\":\"https:\/\/friendsofglass.com\/it\/#\/schema\/person\/image\/\",\"url\":\"https:\/\/secure.gravatar.com\/avatar\/18f4540ab295eaa8861dc39bf958c4396cf804af6a6a03b55be927c1e82d2b80?s=96&d=mm&r=g\",\"contentUrl\":\"https:\/\/secure.gravatar.com\/avatar\/18f4540ab295eaa8861dc39bf958c4396cf804af6a6a03b55be927c1e82d2b80?s=96&d=mm&r=g\",\"caption\":\"admin\"},\"sameAs\":[\"https:\/\/friendsofglass.com\/\"],\"url\":\"https:\/\/friendsofglass.com\/it\/storie\/author\/admin\/\"}]}<\/script>\n<!-- \/ Yoast SEO plugin. -->","yoast_head_json":{"title":"Anche la cosmetica sceglie il packaging green: per 8 italiani su 10 il vetro \u00e8 la scelta topo per creme e profumi - Friends of Glass IT","description":"Nel 2018 \u00e8 aumentata del 4% la produzione di flaconi in vetro, considerati il packaging di pregio per la bellezza dall\u201986% degli italiani","robots":{"index":"index","follow":"follow","max-snippet":"max-snippet:-1","max-image-preview":"max-image-preview:large","max-video-preview":"max-video-preview:-1"},"canonical":"https:\/\/friendsofglass.com\/it\/storie\/il-vetro-e-la-scelta-top-per-creme-e-profumi\/","og_locale":"en_US","og_type":"article","og_title":"Anche la cosmetica sceglie il packaging green: per 8 italiani su 10 il vetro \u00e8 la scelta topo per creme e profumi - Friends of Glass IT","og_description":"Nel 2018 \u00e8 aumentata del 4% la produzione di flaconi in vetro, considerati il packaging di pregio per la bellezza dall\u201986% degli italiani","og_url":"https:\/\/friendsofglass.com\/it\/storie\/il-vetro-e-la-scelta-top-per-creme-e-profumi\/","og_site_name":"Friends of Glass IT","article_published_time":"2019-03-29T10:20:12+00:00","article_modified_time":"2024-08-23T23:51:27+00:00","og_image":[{"width":1440,"height":800,"url":"https:\/\/friendsofglass.com\/it\/wp-content\/uploads\/sites\/8\/2024\/07\/experience-banner.png","type":"image\/png"}],"author":"admin","twitter_card":"summary_large_image","twitter_misc":{"Written by":"admin","Est. reading time":"1 minute"},"schema":{"@context":"https:\/\/schema.org","@graph":[{"@type":"Article","@id":"https:\/\/friendsofglass.com\/it\/storie\/il-vetro-e-la-scelta-top-per-creme-e-profumi\/#article","isPartOf":{"@id":"https:\/\/friendsofglass.com\/it\/storie\/il-vetro-e-la-scelta-top-per-creme-e-profumi\/"},"author":{"name":"admin","@id":"https:\/\/friendsofglass.com\/it\/#\/schema\/person\/020c8f935e53b78218b548c299c31daf"},"headline":"Anche la cosmetica sceglie il packaging green: per 8 italiani su 10 il vetro \u00e8 la scelta topo per creme e profumi","datePublished":"2019-03-29T10:20:12+00:00","dateModified":"2024-08-23T23:51:27+00:00","mainEntityOfPage":{"@id":"https:\/\/friendsofglass.com\/it\/storie\/il-vetro-e-la-scelta-top-per-creme-e-profumi\/"},"wordCount":19,"commentCount":0,"publisher":{"@id":"https:\/\/friendsofglass.com\/it\/#organization"},"image":{"@id":"https:\/\/friendsofglass.com\/it\/storie\/il-vetro-e-la-scelta-top-per-creme-e-profumi\/#primaryimage"},"thumbnailUrl":"https:\/\/friendsofglass.com\/it\/wp-content\/uploads\/sites\/8\/2024\/07\/experience-banner.png","keywords":["flaconnage","vetro"],"articleSection":["Esperienze"],"inLanguage":"en-US"},{"@type":"WebPage","@id":"https:\/\/friendsofglass.com\/it\/storie\/il-vetro-e-la-scelta-top-per-creme-e-profumi\/","url":"https:\/\/friendsofglass.com\/it\/storie\/il-vetro-e-la-scelta-top-per-creme-e-profumi\/","name":"Anche la cosmetica sceglie il packaging green: per 8 italiani su 10 il vetro \u00e8 la scelta topo per creme e profumi - Friends of Glass IT","isPartOf":{"@id":"https:\/\/friendsofglass.com\/it\/#website"},"primaryImageOfPage":{"@id":"https:\/\/friendsofglass.com\/it\/storie\/il-vetro-e-la-scelta-top-per-creme-e-profumi\/#primaryimage"},"image":{"@id":"https:\/\/friendsofglass.com\/it\/storie\/il-vetro-e-la-scelta-top-per-creme-e-profumi\/#primaryimage"},"thumbnailUrl":"https:\/\/friendsofglass.com\/it\/wp-content\/uploads\/sites\/8\/2024\/07\/experience-banner.png","datePublished":"2019-03-29T10:20:12+00:00","dateModified":"2024-08-23T23:51:27+00:00","description":"Nel 2018 \u00e8 aumentata del 4% la produzione di flaconi in vetro, considerati il packaging di pregio per la bellezza dall\u201986% degli italiani","breadcrumb":{"@id":"https:\/\/friendsofglass.com\/it\/storie\/il-vetro-e-la-scelta-top-per-creme-e-profumi\/#breadcrumb"},"inLanguage":"en-US","potentialAction":[{"@type":"ReadAction","target":["https:\/\/friendsofglass.com\/it\/storie\/il-vetro-e-la-scelta-top-per-creme-e-profumi\/"]}]},{"@type":"ImageObject","inLanguage":"en-US","@id":"https:\/\/friendsofglass.com\/it\/storie\/il-vetro-e-la-scelta-top-per-creme-e-profumi\/#primaryimage","url":"https:\/\/friendsofglass.com\/it\/wp-content\/uploads\/sites\/8\/2024\/07\/experience-banner.png","contentUrl":"https:\/\/friendsofglass.com\/it\/wp-content\/uploads\/sites\/8\/2024\/07\/experience-banner.png","width":1440,"height":800},{"@type":"BreadcrumbList","@id":"https:\/\/friendsofglass.com\/it\/storie\/il-vetro-e-la-scelta-top-per-creme-e-profumi\/#breadcrumb","itemListElement":[{"@type":"ListItem","position":1,"name":"Home","item":"https:\/\/friendsofglass.com\/it\/"},{"@type":"ListItem","position":2,"name":"Anche la cosmetica sceglie il packaging green: per 8 italiani su 10 il vetro \u00e8 la scelta topo per creme e profumi"}]},{"@type":"WebSite","@id":"https:\/\/friendsofglass.com\/it\/#website","url":"https:\/\/friendsofglass.com\/it\/","name":"Friends of Glass IT","description":"","publisher":{"@id":"https:\/\/friendsofglass.com\/it\/#organization"},"potentialAction":[{"@type":"SearchAction","target":{"@type":"EntryPoint","urlTemplate":"https:\/\/friendsofglass.com\/it\/?s={search_term_string}"},"query-input":{"@type":"PropertyValueSpecification","valueRequired":true,"valueName":"search_term_string"}}],"inLanguage":"en-US"},{"@type":"Organization","@id":"https:\/\/friendsofglass.com\/it\/#organization","name":"Friends of Glass IT","url":"https:\/\/friendsofglass.com\/it\/","logo":{"@type":"ImageObject","inLanguage":"en-US","@id":"https:\/\/friendsofglass.com\/it\/#\/schema\/logo\/image\/","url":"https:\/\/friendsofglass.com\/it\/wp-content\/uploads\/sites\/8\/2024\/03\/FoG_site_logo.png","contentUrl":"https:\/\/friendsofglass.com\/it\/wp-content\/uploads\/sites\/8\/2024\/03\/FoG_site_logo.png","width":458,"height":227,"caption":"Friends of Glass IT"},"image":{"@id":"https:\/\/friendsofglass.com\/it\/#\/schema\/logo\/image\/"}},{"@type":"Person","@id":"https:\/\/friendsofglass.com\/it\/#\/schema\/person\/020c8f935e53b78218b548c299c31daf","name":"admin","image":{"@type":"ImageObject","inLanguage":"en-US","@id":"https:\/\/friendsofglass.com\/it\/#\/schema\/person\/image\/","url":"https:\/\/secure.gravatar.com\/avatar\/18f4540ab295eaa8861dc39bf958c4396cf804af6a6a03b55be927c1e82d2b80?s=96&d=mm&r=g","contentUrl":"https:\/\/secure.gravatar.com\/avatar\/18f4540ab295eaa8861dc39bf958c4396cf804af6a6a03b55be927c1e82d2b80?s=96&d=mm&r=g","caption":"admin"},"sameAs":["https:\/\/friendsofglass.com\/"],"url":"https:\/\/friendsofglass.com\/it\/storie\/author\/admin\/"}]}},"_links":{"self":[{"href":"https:\/\/friendsofglass.com\/it\/wp-json\/wp\/v2\/posts\/152","targetHints":{"allow":["GET"]}}],"collection":[{"href":"https:\/\/friendsofglass.com\/it\/wp-json\/wp\/v2\/posts"}],"about":[{"href":"https:\/\/friendsofglass.com\/it\/wp-json\/wp\/v2\/types\/post"}],"author":[{"embeddable":true,"href":"https:\/\/friendsofglass.com\/it\/wp-json\/wp\/v2\/users\/1"}],"replies":[{"embeddable":true,"href":"https:\/\/friendsofglass.com\/it\/wp-json\/wp\/v2\/comments?post=152"}],"version-history":[{"count":0,"href":"https:\/\/friendsofglass.com\/it\/wp-json\/wp\/v2\/posts\/152\/revisions"}],"wp:featuredmedia":[{"embeddable":true,"href":"https:\/\/friendsofglass.com\/it\/wp-json\/wp\/v2\/media\/567"}],"wp:attachment":[{"href":"https:\/\/friendsofglass.com\/it\/wp-json\/wp\/v2\/media?parent=152"}],"wp:term":[{"taxonomy":"category","embeddable":true,"href":"https:\/\/friendsofglass.com\/it\/wp-json\/wp\/v2\/categories?post=152"},{"taxonomy":"post_tag","embeddable":true,"href":"https:\/\/friendsofglass.com\/it\/wp-json\/wp\/v2\/tags?post=152"}],"curies":[{"name":"wp","href":"https:\/\/api.w.org\/{rel}","templated":true}]}}