{"id":188,"date":"2021-09-17T18:46:38","date_gmt":"2021-09-17T18:46:38","guid":{"rendered":"https:\/\/www.friendsofglass.com\/it\/ecology-it\/dal-vetro-buone-nuove-assemblea-assovetro-2021\/1"},"modified":"2024-08-24T00:31:49","modified_gmt":"2024-08-24T00:31:49","slug":"dal-vetro-buone-nuove-assemblea-assovetro","status":"publish","type":"post","link":"https:\/\/friendsofglass.com\/it\/storie\/dal-vetro-buone-nuove-assemblea-assovetro\/","title":{"rendered":"Vetro, buone nuove"},"content":{"rendered":"\r\n<div  class=\"custom-rich-text-block transparent\">\r\n    <div class=\"custom-rich-text spacing-top-2 spacing-bottom-2 global-container\">\r\n        <h4>L&#8217;assemblea Assovetro<\/h4>\n<p>Il 2020 \u00e8 stato un anno difficile per tutti: non ultimo per l\u2019industria italiana del vetro. Nonostante l\u2019Italia sia il <em>secondo produttore di vetro nell\u2019Unione Europea<\/em>, con oltre 5 milioni di tonnellate annue, i mesi di lockdown sono stati un grande fermo. Da questa panoramica si salva, per\u00f2, il dato riciclo: in Italia come in Europa, a casa si \u00e8 riciclato di pi\u00f9 e meglio; con un tasso d\u2019aumento del materiale in vetro riciclato del 5%, contro per\u00f2 il 10% della carta e il 18% dell\u2019acciaio.<\/p>\n<p>La panoramica che proviene dall\u2019Assemblea <a href=\"https:\/\/www.assovetro.it\/\">Assovetro<\/a> lascia ben sperare. Il meeting, che ha previsto un bilancio del primo semestre 2021, si \u00e8 tenuto a Polignano a Mare, cittadina pugliese, in settembre. Che sembra un mese appropriato tanto per tirare le fila, quanto per aprire nuove prospettive e scorci. Che cosa ne \u00e8 emerso? Si \u00e8 parlato tanto dell\u2019emergenza attuale, che \u00e8 insieme lavorativa, sociale e climatica; delle sfide e impedimenti che il futuro sembra porre. E delle opportunit\u00e0, invece, da cogliere al volo.<\/p>\n<p>Il tema della sostenibilit\u00e0 ambientale, sempre pi\u00f9 scottante e urgente, sembra non poter far a meno dell\u2019industria del vetro, e della catena del riciclo. Basti pensare che con il recente avanguardistico <a href=\"https:\/\/www.friendsofglass.com\/it\/ecology-it\/lidrogeno-e-il-progetto-divina\/\">progetto Divina<\/a> si va, sempre di pi\u00f9, verso un\u2019ottimizzazione energetica e un impatto-quasi-zero, rendendo il vetro un materiale tanto pi\u00f9 imprescindibile per la transizione ecologica.<\/p>\n<p><a href=\"https:\/\/www.friendsofglass.com\/wp-content\/uploads\/pexels-cottonbro-7191419-scaled.jpg\"><img loading=\"lazy\" decoding=\"async\" class=\"alignnone size-large wp-image-17397\" src=\"https:\/\/www.friendsofglass.com\/wp-content\/uploads\/pexels-cottonbro-7191419-1024x683.jpg\" alt=\"\" width=\"1024\" height=\"683\" \/><\/a><\/p>\n<h4>Le nuove proposte<\/h4>\n<p>Un interrogativo proviene dalla recente Climate Law europea: un pacchetto di 14 proposte, denominato Fit for 55%, che rimette le nazioni al passo con gli obiettivi clima UE al 2030. Elemento pi\u00f9 importante pare essere quello della decarbonizzazione; che \u00e8 certamente il primo fronte su cui agire, se si vogliono tagliare o ridurre le emissioni per scongiurare l\u2019emergenza climatica. In modalit\u00e0 simili il PNNR, Piano nazionale ripresa e resilienza, richiede al settore modifiche e ripensamenti. E si inserisce, pi\u00f9 o meno coerentemente, nel generale progetto di riprese e aperture in tutta Europa.<\/p>\n<p><em>\u00abIl complesso delle risorse messe a disposizione dall\u2019 Europa per far fronte alla crisi pandemica, supera i 1.000 miliardi\u00bb<\/em>, ha spiegato <strong>Graziano Marcovecchio<\/strong>, Presidente di Assovetro. <em>\u00abIl PNRR italiano dispone di 191 miliardi tra il 2021 e 2026. Purtroppo, per\u00f2, per l\u2019industria di base, caratterizzata da alti investimenti e alti consumi energetici come quella del vetro, il PNRR non prevede alcuna misura specifica\u00bb<\/em>.<\/p>\n<p>L\u2019Italia, insomma, mancherebbe del supporto e delle linee guida che invece sono presenti in <em>\u00abnazioni come la Francia, che ha previsto un fondo per la decarbonizzazione dei processi produttivi, o la Germania, con il consistente Fondo per la Ricerca industriale. In questo modo l\u2019Italia rischia di perdere competitivit\u00e0, capacit\u00e0 produttiva e posti di lavoro rispetto alle manifatture di altri paesi\u00bb<\/em>.<\/p>\n<p>E verrebbe forse a perdere, allora, il primato che la contrassegna; ad oggi l\u2019industria del vetro pu\u00f2 davvero essere detta una delle maggiori eccellenze del Made in Italy. Basti guardare ai numeri: seconda in Europa, si \u00e8 detto, con un fatturato di 6 miliardi. E con quasi 30mila addetti in tutto il paese. Non dimentichiamo che l\u2019Italia ha anche da vantare<em> il 79% dei contenitori in vetro riciclati<\/em>! Ha saputo raddoppiare in 20 anni il numero del packaging riciclato, arrivando dal pi\u00f9 modesto 30% registrati nel 1998.<\/p>\n<h4>Un piano per il future made clear<\/h4>\n<p>\u00c8 forse questo stesso slancio che viene rimesso in gioco, e sul tavolo, proprio da Assovetro. Che per far fronte alle richieste &#8211; dell\u2019Europa da un lato, del governo italiano dall\u2019altro &#8211; ha presentato il proprio piano verso la decarbonizzazione. Il progetto \u00e8 stato stilato, passo per passo, da Assovetro ed altre associazioni e settori cosiddetti energy intensive (ovvero ad alta intensit\u00e0 energetica, o energivori: settori che necessitano, per funzionare a pieno regime, di alti consumi in termini di gas, elettricit\u00e0 e manodopera). Il piano d\u2019investimenti, stimati a circa 15 miliardi di euro, promette la neutralit\u00e0 carbonica delle produzioni proprio entro il 2030.<\/p>\n<h4>Per un futuro chiaro, anche una chiara produzione. E un vetro, come promesso, cristallino.<\/h4>\n\r\n            <\/div>\r\n<\/div>","protected":false},"excerpt":{"rendered":"<p>Italia, Europa e industria del vetro: come siamo messi? La panoramica dall\u2019assemblea Assovetro<\/p>\n","protected":false},"author":1,"featured_media":566,"comment_status":"open","ping_status":"open","sticky":false,"template":"","format":"standard","meta":{"_acf_changed":false,"inline_featured_image":false,"footnotes":""},"categories":[9],"tags":[],"class_list":["post-188","post","type-post","status-publish","format-standard","has-post-thumbnail","hentry","category-environment"],"acf":[],"yoast_head":"<!-- This site is optimized with the Yoast SEO plugin v26.3 - https:\/\/yoast.com\/wordpress\/plugins\/seo\/ -->\n<title>Vetro, buone nuove - Friends of Glass IT<\/title>\n<meta name=\"description\" content=\"Italia, Europa e industria del vetro: come siamo messi? La panoramica dall\u2019assemblea Assovetro\" \/>\n<meta name=\"robots\" content=\"index, follow, max-snippet:-1, max-image-preview:large, max-video-preview:-1\" \/>\n<link rel=\"canonical\" href=\"https:\/\/friendsofglass.com\/it\/storie\/dal-vetro-buone-nuove-assemblea-assovetro\/\" \/>\n<meta property=\"og:locale\" content=\"en_US\" \/>\n<meta property=\"og:type\" content=\"article\" \/>\n<meta property=\"og:title\" content=\"Vetro, buone nuove - Friends of Glass IT\" \/>\n<meta property=\"og:description\" content=\"Italia, Europa e industria del vetro: come siamo messi? La panoramica dall\u2019assemblea Assovetro\" \/>\n<meta property=\"og:url\" content=\"https:\/\/friendsofglass.com\/it\/storie\/dal-vetro-buone-nuove-assemblea-assovetro\/\" \/>\n<meta property=\"og:site_name\" content=\"Friends of Glass IT\" \/>\n<meta property=\"article:published_time\" content=\"2021-09-17T18:46:38+00:00\" \/>\n<meta property=\"article:modified_time\" content=\"2024-08-24T00:31:49+00:00\" \/>\n<meta property=\"og:image\" content=\"https:\/\/friendsofglass.com\/it\/wp-content\/uploads\/sites\/8\/2024\/07\/environment-banner.png\" \/>\n\t<meta property=\"og:image:width\" content=\"1440\" \/>\n\t<meta property=\"og:image:height\" content=\"800\" \/>\n\t<meta property=\"og:image:type\" content=\"image\/png\" \/>\n<meta name=\"author\" content=\"admin\" \/>\n<meta name=\"twitter:card\" content=\"summary_large_image\" \/>\n<meta name=\"twitter:label1\" content=\"Written by\" \/>\n\t<meta name=\"twitter:data1\" content=\"admin\" \/>\n\t<meta name=\"twitter:label2\" content=\"Est. reading time\" \/>\n\t<meta name=\"twitter:data2\" content=\"1 minute\" \/>\n<script type=\"application\/ld+json\" class=\"yoast-schema-graph\">{\"@context\":\"https:\/\/schema.org\",\"@graph\":[{\"@type\":\"Article\",\"@id\":\"https:\/\/friendsofglass.com\/it\/storie\/dal-vetro-buone-nuove-assemblea-assovetro\/#article\",\"isPartOf\":{\"@id\":\"https:\/\/friendsofglass.com\/it\/storie\/dal-vetro-buone-nuove-assemblea-assovetro\/\"},\"author\":{\"name\":\"admin\",\"@id\":\"https:\/\/friendsofglass.com\/it\/#\/schema\/person\/020c8f935e53b78218b548c299c31daf\"},\"headline\":\"Vetro, buone nuove\",\"datePublished\":\"2021-09-17T18:46:38+00:00\",\"dateModified\":\"2024-08-24T00:31:49+00:00\",\"mainEntityOfPage\":{\"@id\":\"https:\/\/friendsofglass.com\/it\/storie\/dal-vetro-buone-nuove-assemblea-assovetro\/\"},\"wordCount\":3,\"commentCount\":0,\"publisher\":{\"@id\":\"https:\/\/friendsofglass.com\/it\/#organization\"},\"image\":{\"@id\":\"https:\/\/friendsofglass.com\/it\/storie\/dal-vetro-buone-nuove-assemblea-assovetro\/#primaryimage\"},\"thumbnailUrl\":\"https:\/\/friendsofglass.com\/it\/wp-content\/uploads\/sites\/8\/2024\/07\/environment-banner.png\",\"articleSection\":[\"Ambiente\"],\"inLanguage\":\"en-US\"},{\"@type\":\"WebPage\",\"@id\":\"https:\/\/friendsofglass.com\/it\/storie\/dal-vetro-buone-nuove-assemblea-assovetro\/\",\"url\":\"https:\/\/friendsofglass.com\/it\/storie\/dal-vetro-buone-nuove-assemblea-assovetro\/\",\"name\":\"Vetro, buone nuove - Friends of Glass IT\",\"isPartOf\":{\"@id\":\"https:\/\/friendsofglass.com\/it\/#website\"},\"primaryImageOfPage\":{\"@id\":\"https:\/\/friendsofglass.com\/it\/storie\/dal-vetro-buone-nuove-assemblea-assovetro\/#primaryimage\"},\"image\":{\"@id\":\"https:\/\/friendsofglass.com\/it\/storie\/dal-vetro-buone-nuove-assemblea-assovetro\/#primaryimage\"},\"thumbnailUrl\":\"https:\/\/friendsofglass.com\/it\/wp-content\/uploads\/sites\/8\/2024\/07\/environment-banner.png\",\"datePublished\":\"2021-09-17T18:46:38+00:00\",\"dateModified\":\"2024-08-24T00:31:49+00:00\",\"description\":\"Italia, Europa e industria del vetro: come siamo messi? La panoramica dall\u2019assemblea Assovetro\",\"breadcrumb\":{\"@id\":\"https:\/\/friendsofglass.com\/it\/storie\/dal-vetro-buone-nuove-assemblea-assovetro\/#breadcrumb\"},\"inLanguage\":\"en-US\",\"potentialAction\":[{\"@type\":\"ReadAction\",\"target\":[\"https:\/\/friendsofglass.com\/it\/storie\/dal-vetro-buone-nuove-assemblea-assovetro\/\"]}]},{\"@type\":\"ImageObject\",\"inLanguage\":\"en-US\",\"@id\":\"https:\/\/friendsofglass.com\/it\/storie\/dal-vetro-buone-nuove-assemblea-assovetro\/#primaryimage\",\"url\":\"https:\/\/friendsofglass.com\/it\/wp-content\/uploads\/sites\/8\/2024\/07\/environment-banner.png\",\"contentUrl\":\"https:\/\/friendsofglass.com\/it\/wp-content\/uploads\/sites\/8\/2024\/07\/environment-banner.png\",\"width\":1440,\"height\":800},{\"@type\":\"BreadcrumbList\",\"@id\":\"https:\/\/friendsofglass.com\/it\/storie\/dal-vetro-buone-nuove-assemblea-assovetro\/#breadcrumb\",\"itemListElement\":[{\"@type\":\"ListItem\",\"position\":1,\"name\":\"Home\",\"item\":\"https:\/\/friendsofglass.com\/it\/\"},{\"@type\":\"ListItem\",\"position\":2,\"name\":\"Vetro, buone nuove\"}]},{\"@type\":\"WebSite\",\"@id\":\"https:\/\/friendsofglass.com\/it\/#website\",\"url\":\"https:\/\/friendsofglass.com\/it\/\",\"name\":\"Friends of Glass IT\",\"description\":\"\",\"publisher\":{\"@id\":\"https:\/\/friendsofglass.com\/it\/#organization\"},\"potentialAction\":[{\"@type\":\"SearchAction\",\"target\":{\"@type\":\"EntryPoint\",\"urlTemplate\":\"https:\/\/friendsofglass.com\/it\/?s={search_term_string}\"},\"query-input\":{\"@type\":\"PropertyValueSpecification\",\"valueRequired\":true,\"valueName\":\"search_term_string\"}}],\"inLanguage\":\"en-US\"},{\"@type\":\"Organization\",\"@id\":\"https:\/\/friendsofglass.com\/it\/#organization\",\"name\":\"Friends of Glass IT\",\"url\":\"https:\/\/friendsofglass.com\/it\/\",\"logo\":{\"@type\":\"ImageObject\",\"inLanguage\":\"en-US\",\"@id\":\"https:\/\/friendsofglass.com\/it\/#\/schema\/logo\/image\/\",\"url\":\"https:\/\/friendsofglass.com\/it\/wp-content\/uploads\/sites\/8\/2024\/03\/FoG_site_logo.png\",\"contentUrl\":\"https:\/\/friendsofglass.com\/it\/wp-content\/uploads\/sites\/8\/2024\/03\/FoG_site_logo.png\",\"width\":458,\"height\":227,\"caption\":\"Friends of Glass IT\"},\"image\":{\"@id\":\"https:\/\/friendsofglass.com\/it\/#\/schema\/logo\/image\/\"}},{\"@type\":\"Person\",\"@id\":\"https:\/\/friendsofglass.com\/it\/#\/schema\/person\/020c8f935e53b78218b548c299c31daf\",\"name\":\"admin\",\"image\":{\"@type\":\"ImageObject\",\"inLanguage\":\"en-US\",\"@id\":\"https:\/\/friendsofglass.com\/it\/#\/schema\/person\/image\/\",\"url\":\"https:\/\/secure.gravatar.com\/avatar\/18f4540ab295eaa8861dc39bf958c4396cf804af6a6a03b55be927c1e82d2b80?s=96&d=mm&r=g\",\"contentUrl\":\"https:\/\/secure.gravatar.com\/avatar\/18f4540ab295eaa8861dc39bf958c4396cf804af6a6a03b55be927c1e82d2b80?s=96&d=mm&r=g\",\"caption\":\"admin\"},\"sameAs\":[\"https:\/\/friendsofglass.com\/\"],\"url\":\"https:\/\/friendsofglass.com\/it\/storie\/author\/admin\/\"}]}<\/script>\n<!-- \/ Yoast SEO plugin. -->","yoast_head_json":{"title":"Vetro, buone nuove - Friends of Glass IT","description":"Italia, Europa e industria del vetro: come siamo messi? La panoramica dall\u2019assemblea Assovetro","robots":{"index":"index","follow":"follow","max-snippet":"max-snippet:-1","max-image-preview":"max-image-preview:large","max-video-preview":"max-video-preview:-1"},"canonical":"https:\/\/friendsofglass.com\/it\/storie\/dal-vetro-buone-nuove-assemblea-assovetro\/","og_locale":"en_US","og_type":"article","og_title":"Vetro, buone nuove - Friends of Glass IT","og_description":"Italia, Europa e industria del vetro: come siamo messi? La panoramica dall\u2019assemblea Assovetro","og_url":"https:\/\/friendsofglass.com\/it\/storie\/dal-vetro-buone-nuove-assemblea-assovetro\/","og_site_name":"Friends of Glass IT","article_published_time":"2021-09-17T18:46:38+00:00","article_modified_time":"2024-08-24T00:31:49+00:00","og_image":[{"width":1440,"height":800,"url":"https:\/\/friendsofglass.com\/it\/wp-content\/uploads\/sites\/8\/2024\/07\/environment-banner.png","type":"image\/png"}],"author":"admin","twitter_card":"summary_large_image","twitter_misc":{"Written by":"admin","Est. reading time":"1 minute"},"schema":{"@context":"https:\/\/schema.org","@graph":[{"@type":"Article","@id":"https:\/\/friendsofglass.com\/it\/storie\/dal-vetro-buone-nuove-assemblea-assovetro\/#article","isPartOf":{"@id":"https:\/\/friendsofglass.com\/it\/storie\/dal-vetro-buone-nuove-assemblea-assovetro\/"},"author":{"name":"admin","@id":"https:\/\/friendsofglass.com\/it\/#\/schema\/person\/020c8f935e53b78218b548c299c31daf"},"headline":"Vetro, buone nuove","datePublished":"2021-09-17T18:46:38+00:00","dateModified":"2024-08-24T00:31:49+00:00","mainEntityOfPage":{"@id":"https:\/\/friendsofglass.com\/it\/storie\/dal-vetro-buone-nuove-assemblea-assovetro\/"},"wordCount":3,"commentCount":0,"publisher":{"@id":"https:\/\/friendsofglass.com\/it\/#organization"},"image":{"@id":"https:\/\/friendsofglass.com\/it\/storie\/dal-vetro-buone-nuove-assemblea-assovetro\/#primaryimage"},"thumbnailUrl":"https:\/\/friendsofglass.com\/it\/wp-content\/uploads\/sites\/8\/2024\/07\/environment-banner.png","articleSection":["Ambiente"],"inLanguage":"en-US"},{"@type":"WebPage","@id":"https:\/\/friendsofglass.com\/it\/storie\/dal-vetro-buone-nuove-assemblea-assovetro\/","url":"https:\/\/friendsofglass.com\/it\/storie\/dal-vetro-buone-nuove-assemblea-assovetro\/","name":"Vetro, buone nuove - Friends of Glass IT","isPartOf":{"@id":"https:\/\/friendsofglass.com\/it\/#website"},"primaryImageOfPage":{"@id":"https:\/\/friendsofglass.com\/it\/storie\/dal-vetro-buone-nuove-assemblea-assovetro\/#primaryimage"},"image":{"@id":"https:\/\/friendsofglass.com\/it\/storie\/dal-vetro-buone-nuove-assemblea-assovetro\/#primaryimage"},"thumbnailUrl":"https:\/\/friendsofglass.com\/it\/wp-content\/uploads\/sites\/8\/2024\/07\/environment-banner.png","datePublished":"2021-09-17T18:46:38+00:00","dateModified":"2024-08-24T00:31:49+00:00","description":"Italia, Europa e industria del vetro: come siamo messi? La panoramica dall\u2019assemblea Assovetro","breadcrumb":{"@id":"https:\/\/friendsofglass.com\/it\/storie\/dal-vetro-buone-nuove-assemblea-assovetro\/#breadcrumb"},"inLanguage":"en-US","potentialAction":[{"@type":"ReadAction","target":["https:\/\/friendsofglass.com\/it\/storie\/dal-vetro-buone-nuove-assemblea-assovetro\/"]}]},{"@type":"ImageObject","inLanguage":"en-US","@id":"https:\/\/friendsofglass.com\/it\/storie\/dal-vetro-buone-nuove-assemblea-assovetro\/#primaryimage","url":"https:\/\/friendsofglass.com\/it\/wp-content\/uploads\/sites\/8\/2024\/07\/environment-banner.png","contentUrl":"https:\/\/friendsofglass.com\/it\/wp-content\/uploads\/sites\/8\/2024\/07\/environment-banner.png","width":1440,"height":800},{"@type":"BreadcrumbList","@id":"https:\/\/friendsofglass.com\/it\/storie\/dal-vetro-buone-nuove-assemblea-assovetro\/#breadcrumb","itemListElement":[{"@type":"ListItem","position":1,"name":"Home","item":"https:\/\/friendsofglass.com\/it\/"},{"@type":"ListItem","position":2,"name":"Vetro, buone nuove"}]},{"@type":"WebSite","@id":"https:\/\/friendsofglass.com\/it\/#website","url":"https:\/\/friendsofglass.com\/it\/","name":"Friends of Glass IT","description":"","publisher":{"@id":"https:\/\/friendsofglass.com\/it\/#organization"},"potentialAction":[{"@type":"SearchAction","target":{"@type":"EntryPoint","urlTemplate":"https:\/\/friendsofglass.com\/it\/?s={search_term_string}"},"query-input":{"@type":"PropertyValueSpecification","valueRequired":true,"valueName":"search_term_string"}}],"inLanguage":"en-US"},{"@type":"Organization","@id":"https:\/\/friendsofglass.com\/it\/#organization","name":"Friends of Glass IT","url":"https:\/\/friendsofglass.com\/it\/","logo":{"@type":"ImageObject","inLanguage":"en-US","@id":"https:\/\/friendsofglass.com\/it\/#\/schema\/logo\/image\/","url":"https:\/\/friendsofglass.com\/it\/wp-content\/uploads\/sites\/8\/2024\/03\/FoG_site_logo.png","contentUrl":"https:\/\/friendsofglass.com\/it\/wp-content\/uploads\/sites\/8\/2024\/03\/FoG_site_logo.png","width":458,"height":227,"caption":"Friends of Glass IT"},"image":{"@id":"https:\/\/friendsofglass.com\/it\/#\/schema\/logo\/image\/"}},{"@type":"Person","@id":"https:\/\/friendsofglass.com\/it\/#\/schema\/person\/020c8f935e53b78218b548c299c31daf","name":"admin","image":{"@type":"ImageObject","inLanguage":"en-US","@id":"https:\/\/friendsofglass.com\/it\/#\/schema\/person\/image\/","url":"https:\/\/secure.gravatar.com\/avatar\/18f4540ab295eaa8861dc39bf958c4396cf804af6a6a03b55be927c1e82d2b80?s=96&d=mm&r=g","contentUrl":"https:\/\/secure.gravatar.com\/avatar\/18f4540ab295eaa8861dc39bf958c4396cf804af6a6a03b55be927c1e82d2b80?s=96&d=mm&r=g","caption":"admin"},"sameAs":["https:\/\/friendsofglass.com\/"],"url":"https:\/\/friendsofglass.com\/it\/storie\/author\/admin\/"}]}},"_links":{"self":[{"href":"https:\/\/friendsofglass.com\/it\/wp-json\/wp\/v2\/posts\/188","targetHints":{"allow":["GET"]}}],"collection":[{"href":"https:\/\/friendsofglass.com\/it\/wp-json\/wp\/v2\/posts"}],"about":[{"href":"https:\/\/friendsofglass.com\/it\/wp-json\/wp\/v2\/types\/post"}],"author":[{"embeddable":true,"href":"https:\/\/friendsofglass.com\/it\/wp-json\/wp\/v2\/users\/1"}],"replies":[{"embeddable":true,"href":"https:\/\/friendsofglass.com\/it\/wp-json\/wp\/v2\/comments?post=188"}],"version-history":[{"count":0,"href":"https:\/\/friendsofglass.com\/it\/wp-json\/wp\/v2\/posts\/188\/revisions"}],"wp:featuredmedia":[{"embeddable":true,"href":"https:\/\/friendsofglass.com\/it\/wp-json\/wp\/v2\/media\/566"}],"wp:attachment":[{"href":"https:\/\/friendsofglass.com\/it\/wp-json\/wp\/v2\/media?parent=188"}],"wp:term":[{"taxonomy":"category","embeddable":true,"href":"https:\/\/friendsofglass.com\/it\/wp-json\/wp\/v2\/categories?post=188"},{"taxonomy":"post_tag","embeddable":true,"href":"https:\/\/friendsofglass.com\/it\/wp-json\/wp\/v2\/tags?post=188"}],"curies":[{"name":"wp","href":"https:\/\/api.w.org\/{rel}","templated":true}]}}